{"id":764,"date":"2025-06-26T19:46:37","date_gmt":"2025-06-26T17:46:37","guid":{"rendered":"https:\/\/22q-media.de\/?p=764"},"modified":"2025-06-26T19:46:39","modified_gmt":"2025-06-26T17:46:39","slug":"folge-40-gesetzliche-betreuung","status":"publish","type":"post","link":"https:\/\/22q-media.de\/?p=764","title":{"rendered":"Folge 40 &#8211; Gesetzliche Betreuung"},"content":{"rendered":"<p><strong><\/strong><\/p>\n<script class=\"podigee-podcast-player\" src=\"https:\/\/player.podigee-cdn.net\/podcast-player\/javascripts\/podigee-podcast-player.js\" data-configuration=\"https:\/\/22zuhoeren.podigee.io\/41-gesetzliche-betreuung\/embed?context=external\"><\/script>\n<p>Wenn Eltern die gesetzliche Betreuung \u00fcbernehmen<\/p>\n<h2 id=\"derpodcastvonundbermenschenmit22q\">Der Podcast von und \u00fcber Menschen mit 22Q.<\/h2>\n<p>\u201e22Q\u201c, \u201eDeletionssyndrom\u201c oder auch \u201eDigeorge Syndrom\u201c. Es gibt viele Namen und doch kennt sie kaum einer. Wir wollen das \u00e4ndern und euch ein bisschen \u00fcber diese gar nicht so seltene Erkrankung und die Menschen mit dieser Erkrankung erz\u00e4hlen aber auch \u00fcber unseren Verein \u201eWir sind 22Q e.V.\u201c der sich f\u00fcr Betroffene und deren Familien einsetzt.<\/p>\n<p>Der Verein im Netz:<\/p>\n<p><a href=\"https:\/\/22q-media.de\/\"><strong>22QMedia<\/strong><\/a> &#8211; Die Webseite zu unserem Projekt. <\/p>\n<p><a href=\"https:\/\/www.youtube.com\/channel\/UCqls9NsyQMhveynNN4AH66w\"><strong>Youtube<\/strong><\/a> &#8211; Unser Youtube-Kanal<\/p>\n<p><a href=\"https:\/\/www.instagram.com\/wir_sind_22q\/\"><strong>Instagram<\/strong><\/a> &#8211; Wir sind 22Q bei Insta<\/p>\n<p><a href=\"https:\/\/podcasts.social\/@22zuhoeren\"><strong>Mastodon<\/strong><\/a> &#8211; Unser Podcast bei Mastodon<\/p>\n<p><a href=\"https:\/\/www.facebook.com\/groups\/wirsind22q\"><strong>Facebook-Gruppe<\/strong><\/a> &#8211; Wir sind 22Q: Die Facebook-Gruppe<\/p>\n<p><a href=\"https:\/\/22zuhoeren.podigee.io\/\"><strong>podcast webseite podigee<\/strong><\/a> &#8211; Unser Podcast auf podigee. Falls Du kein Spotify nutzen m\u00f6chtest oder kannst, sind alle unsere Folgen hier im Webplayer zu h\u00f6ren. <\/p>\n<p><strong>Und hier die Links aus der Sendung:<\/strong><\/p>\n<p><a href=\"https:\/\/www.bmj.de\/DE\/themen\/vorsorge_betreuungsrecht\/rechtliche_betreuung\/rechtliche_betreuung_node.html\"><strong>Gesetzliche Betreuung<\/strong><\/a> &#8211; was man dar\u00fcber wissen m\u00f6chte<\/p>\n<p><a href=\"https:\/\/www.bmj.de\/SharedDocs\/Downloads\/DE\/Themen\/Nav_Themen\/BetrR_FAQ.pdf?__blob=publicationFile&#038;v=2\"><strong>Die wichtigsten Fragen und Antworten zum neuen Betreuungsrecht<\/strong><\/a> &#8211; Die h\u00e4ufigsten Fragen rund um die gesetzliche Betreuung vom Bundesministerium f\u00fcr Justiz und f\u00fcr Verbraucherschutz<\/p>\n<hr \/>\n<h2 id=\"podcastappsdiewirempfehlen\">Podcast-Apps, die wir empfehlen:<\/h2>\n<p><strong>Android:<\/strong><\/p>\n<p><a href=\"https:\/\/play.google.com\/store\/apps\/details?id=de.danoeh.antennapod\"><strong>AntennaPod<\/strong><\/a> &#8211;  eine Open-Source-Podcast-App f\u00fcr Android<\/p>\n<p><a href=\"https:\/\/play.google.com\/store\/apps\/details?id=au.com.shiftyjelly.pocketcasts\"><strong>PocketCasts<\/strong><\/a><\/p>\n<p><a href=\"https:\/\/play.google.com\/store\/apps\/details?id=com.bambuna.podcastaddict\"><strong>Podcast Addict<\/strong><\/a><\/p>\n<p><a href=\"https:\/\/play.google.com\/store\/apps\/details?id=com.itunestoppodcastplayer.app\"><strong>Podcast Republic<\/strong><\/a><\/p>\n<p><strong>iOS<\/strong><\/p>\n<p><a href=\"https:\/\/overcast.fm\/\"><strong>Overcast<\/strong><\/a> <\/p>\n<p><a href=\"https:\/\/pocketcasts.com\/\"><strong>PoketCasts<\/strong><\/a><\/p>\n<p><a href=\"https:\/\/support.apple.com\/en-us\/HT201859\"><strong>Apple Podcast<\/strong><\/a><\/p><\/p>\n","protected":false},"excerpt":{"rendered":"<p>Wenn Eltern die gesetzliche Betreuung \u00fcbernehmen Der Podcast von und \u00fcber Menschen mit 22Q. \u201e22Q\u201c, \u201eDeletionssyndrom\u201c oder auch \u201eDigeorge Syndrom\u201c. Es gibt viele Namen und doch kennt sie kaum einer. Wir wollen das \u00e4ndern und euch ein bisschen \u00fcber diese gar nicht so seltene Erkrankung und die Menschen mit dieser Erkrankung erz\u00e4hlen aber auch \u00fcber [&hellip;]<\/p>\n","protected":false},"author":2,"featured_media":763,"comment_status":"closed","ping_status":"open","sticky":false,"template":"ohne-seitenleiste","format":"standard","meta":{"_et_pb_use_builder":"","_et_pb_old_content":"","_et_gb_content_width":"","footnotes":"","_share_on_mastodon":"0"},"categories":[13],"tags":[],"class_list":["post-764","post","type-post","status-publish","format-standard","has-post-thumbnail","hentry","category-podcast"],"share_on_mastodon":{"url":"https:\/\/podcasts.social\/@22zuhoeren\/114750914484314966","error":""},"_links":{"self":[{"href":"https:\/\/22q-media.de\/index.php?rest_route=\/wp\/v2\/posts\/764","targetHints":{"allow":["GET"]}}],"collection":[{"href":"https:\/\/22q-media.de\/index.php?rest_route=\/wp\/v2\/posts"}],"about":[{"href":"https:\/\/22q-media.de\/index.php?rest_route=\/wp\/v2\/types\/post"}],"author":[{"embeddable":true,"href":"https:\/\/22q-media.de\/index.php?rest_route=\/wp\/v2\/users\/2"}],"replies":[{"embeddable":true,"href":"https:\/\/22q-media.de\/index.php?rest_route=%2Fwp%2Fv2%2Fcomments&post=764"}],"version-history":[{"count":1,"href":"https:\/\/22q-media.de\/index.php?rest_route=\/wp\/v2\/posts\/764\/revisions"}],"predecessor-version":[{"id":765,"href":"https:\/\/22q-media.de\/index.php?rest_route=\/wp\/v2\/posts\/764\/revisions\/765"}],"wp:featuredmedia":[{"embeddable":true,"href":"https:\/\/22q-media.de\/index.php?rest_route=\/wp\/v2\/media\/763"}],"wp:attachment":[{"href":"https:\/\/22q-media.de\/index.php?rest_route=%2Fwp%2Fv2%2Fmedia&parent=764"}],"wp:term":[{"taxonomy":"category","embeddable":true,"href":"https:\/\/22q-media.de\/index.php?rest_route=%2Fwp%2Fv2%2Fcategories&post=764"},{"taxonomy":"post_tag","embeddable":true,"href":"https:\/\/22q-media.de\/index.php?rest_route=%2Fwp%2Fv2%2Ftags&post=764"}],"curies":[{"name":"wp","href":"https:\/\/api.w.org\/{rel}","templated":true}]}}