{"id":758,"date":"2025-05-23T12:12:21","date_gmt":"2025-05-23T10:12:21","guid":{"rendered":"https:\/\/22q-media.de\/?p=758"},"modified":"2025-05-23T12:13:37","modified_gmt":"2025-05-23T10:13:37","slug":"folge-39-diagnosevermittlung","status":"publish","type":"post","link":"https:\/\/22q-media.de\/?p=758","title":{"rendered":"Folge 39 &#8211; Diagnosevermittlung"},"content":{"rendered":"<p><strong><\/strong><\/p>\n<script class=\"podigee-podcast-player\" src=\"https:\/\/player.podigee-cdn.net\/podcast-player\/javascripts\/podigee-podcast-player.js\" data-configuration=\"https:\/\/22zuhoeren.podigee.io\/40-folge-39-diagnosevermittlung\/embed?context=external\"><\/script>\n<p>Wie erkl\u00e4re ich meinem Kind, dass es betroffen ist?<\/p>\n<h2 id=\"derpodcastvonundbermenschenmit22q\">Der Podcast von und \u00fcber Menschen mit 22Q.<\/h2>\n<p>\u201e22Q\u201c, \u201eDeletionssyndrom\u201c oder auch \u201eDigeorge Syndrom\u201c. Es gibt viele Namen und doch kennt sie kaum einer. Wir wollen das \u00e4ndern und euch ein bisschen \u00fcber diese gar nicht so seltene Erkrankung und die Menschen mit dieser Erkrankung erz\u00e4hlen aber auch \u00fcber unseren Verein \u201eWir sind 22Q e.V.\u201c der sich f\u00fcr Betroffene und deren Familien einsetzt.<\/p>\n<p>Der Verein im Netz:<\/p>\n<p><a href=\"https:\/\/22q-media.de\/\"><strong>22QMedia<\/strong><\/a> &#8211; Die Webseite zu unserem Projekt. <\/p>\n<p><a href=\"https:\/\/www.youtube.com\/channel\/UCqls9NsyQMhveynNN4AH66w\"><strong>Youtube<\/strong><\/a> &#8211; Unser Youtube-Kanal<\/p>\n<p><a href=\"https:\/\/www.instagram.com\/wir_sind_22q\/\"><strong>Instagram<\/strong><\/a> &#8211; Wir sind 22Q bei Insta<\/p>\n<p><a href=\"https:\/\/podcasts.social\/@22zuhoeren\"><strong>Mastodon<\/strong><\/a> &#8211; Unser Podcast bei Mastodon<\/p>\n<p><a href=\"https:\/\/www.facebook.com\/groups\/wirsind22q\"><strong>Facebook-Gruppe<\/strong><\/a> &#8211; Wir sind 22Q: Die Facebook-Gruppe<\/p>\n<p><a href=\"https:\/\/22zuhoeren.podigee.io\/\"><strong>podcast webseite podigee<\/strong><\/a> &#8211; Unser Podcast auf podigee. Falls Du kein Spotify nutzen m\u00f6chtest oder kannst, sind alle unsere Folgen hier im Webplayer zu h\u00f6ren. <\/p>\n<p><strong>Und hier die Links aus der Sendung:<\/strong><\/p>\n<p><a href=\"https:\/\/www.wirsind22q.de\/n\">**Das Buch: Ich bin mehr als 22Q<\/a> &#8211; bestellbar \u00fcber den Verein (gerne gegen Spende).<\/p>\n<p><a href=\"https:\/\/youtu.be\/LIikVS4UQKk\"><strong>Diagnosevermittlung<\/strong><\/a> &#8211; Das Video \u00fcber Diagnosevermittlung aus Hohenroda.<\/p>\n<p><a href=\"https:\/\/de.wikipedia.org\/wiki\/Skoliose\"><strong>Skoliose<\/strong><\/a> &#8211; Was ist das?<\/p>\n<p><a href=\"https:\/\/www.mvzhumangenetik.de\/\"><strong>Humangenetik in Bremen<\/strong><\/a> <\/p>\n<p><a href=\"https:\/\/22zuhoeren.podigee.io\/8-leben_mit_22q\"><strong>Leben mit 22Q<\/strong><\/a> &#8211; Folge \u00fcber eine Frau, die ihre Diagnose erst im Erwachsenenalter erhalten hat<\/p>\n<p><a href=\"https:\/\/youtu.be\/NZ5JgSfAyOw\"><strong>Jugendcamp<\/strong><\/a> &#8211; Trailer zur Veranstaltung <\/p>\n<p><a href=\"https:\/\/events.22q-info.de\/\"><strong>Eventseite vom Verein<\/strong><\/a> &#8211; hier findet ihr die anstehenden Veranstaltungen<\/p>\n<p><a href=\"https:\/\/www.22comiq.de\"><strong>Das Comic zur Diagnosevermittlung<\/strong><\/a> &#8211; Das neue Projekt unserer beiden Autorinnen.<\/p>\n<p><a href=\"mailto:kontakt@22comiq.de\"><strong>Email-Adresse zum Bestellen des Comics<\/strong><\/a> <\/p>\n<hr \/>\n<h2 id=\"podcastappsdiewirempfehlen\">Podcast-Apps, die wir empfehlen:<\/h2>\n<p><strong>Android:<\/strong><\/p>\n<p><a href=\"https:\/\/play.google.com\/store\/apps\/details?id=de.danoeh.antennapod\"><strong>AntennaPod<\/strong><\/a> &#8211;  eine Open-Source-Podcast-App f\u00fcr Android<\/p>\n<p><a href=\"https:\/\/play.google.com\/store\/apps\/details?id=au.com.shiftyjelly.pocketcasts\"><strong>PocketCasts<\/strong><\/a><\/p>\n<p><a href=\"https:\/\/play.google.com\/store\/apps\/details?id=com.bambuna.podcastaddict\"><strong>Podcast Addict<\/strong><\/a><\/p>\n<p><a href=\"https:\/\/play.google.com\/store\/apps\/details?id=com.itunestoppodcastplayer.app\"><strong>Podcast Republic<\/strong><\/a><\/p>\n<p><strong>iOS<\/strong><\/p>\n<p><a href=\"https:\/\/overcast.fm\/\"><strong>Overcast<\/strong><\/a> <\/p>\n<p><a href=\"https:\/\/pocketcasts.com\/\"><strong>PoketCasts<\/strong><\/a><\/p>\n<p><a href=\"https:\/\/support.apple.com\/en-us\/HT201859\"><strong>Apple Podcast<\/strong><\/a><\/p><\/p>\n","protected":false},"excerpt":{"rendered":"<p>Wie erkl\u00e4re ich meinem Kind, dass es betroffen ist? Der Podcast von und \u00fcber Menschen mit 22Q. \u201e22Q\u201c, \u201eDeletionssyndrom\u201c oder auch \u201eDigeorge Syndrom\u201c. Es gibt viele Namen und doch kennt sie kaum einer. Wir wollen das \u00e4ndern und euch ein bisschen \u00fcber diese gar nicht so seltene Erkrankung und die Menschen mit dieser Erkrankung erz\u00e4hlen [&hellip;]<\/p>\n","protected":false},"author":2,"featured_media":759,"comment_status":"closed","ping_status":"open","sticky":false,"template":"","format":"standard","meta":{"_et_pb_use_builder":"","_et_pb_old_content":"","_et_gb_content_width":"","footnotes":"","_share_on_mastodon":"0"},"categories":[13],"tags":[],"class_list":["post-758","post","type-post","status-publish","format-standard","has-post-thumbnail","hentry","category-podcast"],"share_on_mastodon":{"url":"https:\/\/podcasts.social\/@22zuhoeren\/114556609696820939","error":""},"_links":{"self":[{"href":"https:\/\/22q-media.de\/index.php?rest_route=\/wp\/v2\/posts\/758","targetHints":{"allow":["GET"]}}],"collection":[{"href":"https:\/\/22q-media.de\/index.php?rest_route=\/wp\/v2\/posts"}],"about":[{"href":"https:\/\/22q-media.de\/index.php?rest_route=\/wp\/v2\/types\/post"}],"author":[{"embeddable":true,"href":"https:\/\/22q-media.de\/index.php?rest_route=\/wp\/v2\/users\/2"}],"replies":[{"embeddable":true,"href":"https:\/\/22q-media.de\/index.php?rest_route=%2Fwp%2Fv2%2Fcomments&post=758"}],"version-history":[{"count":1,"href":"https:\/\/22q-media.de\/index.php?rest_route=\/wp\/v2\/posts\/758\/revisions"}],"predecessor-version":[{"id":760,"href":"https:\/\/22q-media.de\/index.php?rest_route=\/wp\/v2\/posts\/758\/revisions\/760"}],"wp:featuredmedia":[{"embeddable":true,"href":"https:\/\/22q-media.de\/index.php?rest_route=\/wp\/v2\/media\/759"}],"wp:attachment":[{"href":"https:\/\/22q-media.de\/index.php?rest_route=%2Fwp%2Fv2%2Fmedia&parent=758"}],"wp:term":[{"taxonomy":"category","embeddable":true,"href":"https:\/\/22q-media.de\/index.php?rest_route=%2Fwp%2Fv2%2Fcategories&post=758"},{"taxonomy":"post_tag","embeddable":true,"href":"https:\/\/22q-media.de\/index.php?rest_route=%2Fwp%2Fv2%2Ftags&post=758"}],"curies":[{"name":"wp","href":"https:\/\/api.w.org\/{rel}","templated":true}]}}