{"id":750,"date":"2025-04-29T08:51:36","date_gmt":"2025-04-29T06:51:36","guid":{"rendered":"https:\/\/22q-media.de\/?p=750"},"modified":"2025-04-29T08:54:42","modified_gmt":"2025-04-29T06:54:42","slug":"750","status":"publish","type":"post","link":"https:\/\/22q-media.de\/?p=750","title":{"rendered":"Hohenroda 2025"},"content":{"rendered":"\n[et_pb_section fb_built=&#8220;1&#8243; _builder_version=&#8220;4.27.3&#8243; _module_preset=&#8220;default&#8220; global_colors_info=&#8220;{}&#8220; theme_builder_area=&#8220;post_content&#8220;][et_pb_row _builder_version=&#8220;4.27.4&#8243; _module_preset=&#8220;default&#8220; theme_builder_area=&#8220;post_content&#8220;][et_pb_column _builder_version=&#8220;4.27.4&#8243; _module_preset=&#8220;default&#8220; type=&#8220;4_4&#8243; theme_builder_area=&#8220;post_content&#8220;][et_pb_image src=&#8220;https:\/\/22q-media.de\/wp-content\/uploads\/2025\/04\/IMG_20250426_114439-scaled.jpg&#8220; _builder_version=&#8220;4.27.4&#8243; _module_preset=&#8220;default&#8220; theme_builder_area=&#8220;post_content&#8220; title_text=&#8220;oppo_4&#8243; hover_enabled=&#8220;0&#8243; sticky_enabled=&#8220;0&#8243;][\/et_pb_image][\/et_pb_column][\/et_pb_row][et_pb_row _builder_version=&#8220;4.27.3&#8243; _module_preset=&#8220;default&#8220; global_colors_info=&#8220;{}&#8220; theme_builder_area=&#8220;post_content&#8220;][et_pb_column type=&#8220;4_4&#8243; _builder_version=&#8220;4.27.3&#8243; _module_preset=&#8220;default&#8220; global_colors_info=&#8220;{}&#8220; theme_builder_area=&#8220;post_content&#8220;][et_pb_text _builder_version=&#8220;4.27.3&#8243; _module_preset=&#8220;default&#8220; hover_enabled=&#8220;0&#8243; global_colors_info=&#8220;{}&#8220; theme_builder_area=&#8220;post_content&#8220; sticky_enabled=&#8220;0&#8243;]<p>Am vergangenen Wochenende fand das Themenwochenende in Hohenroda in der hessischen Rh\u00f6n statt. Knapp 250 Menschen trafen sich, um sich miteinander auszutauschen, Vortr\u00e4gen zu lauschen und gemeinsam ein Wochenende zu verbringen.<\/p>\n<p>22QMedia ist bei diesen Veranstaltungen immer mit dabei, um Vortr\u00e4ge aufzuzeichnen, damit wir die wichtigen Infos anschlie\u00dfend auf unserem <a href=\"https:\/\/www.youtube.com\/channel\/UCqls9NsyQMhveynNN4AH66w\" target=\"_blank\" rel=\"noopener\" title=\"zum Kanal\">Youtube-Kanal<\/a> ver\u00f6ffentlichen k\u00f6nnen. Damit wollen wir ein breiteres Verst\u00e4ndnis f\u00fcr die Besonderheiten rund um das Syndrom schaffen.<\/p>\n<p>Es gab verschiedene Vortragende, die \u00fcber eine Online-Konferenz zugeschaltet waren und so nicht extra anreisen mussten.<\/p>[\/et_pb_text][\/et_pb_column][\/et_pb_row][et_pb_row column_structure=&#8220;1_2,1_2&#8243; _builder_version=&#8220;4.27.3&#8243; _module_preset=&#8220;default&#8220; global_colors_info=&#8220;{}&#8220; theme_builder_area=&#8220;post_content&#8220;][et_pb_column type=&#8220;1_2&#8243; _builder_version=&#8220;4.27.3&#8243; _module_preset=&#8220;default&#8220; global_colors_info=&#8220;{}&#8220; theme_builder_area=&#8220;post_content&#8220;][et_pb_image src=&#8220;https:\/\/22q-media.de\/wp-content\/uploads\/2025\/04\/IMG_20250427_123450-scaled.jpg&#8220; title_text=&#8220;IMG_20250427_123450&#8243; _builder_version=&#8220;4.27.4&#8243; _module_preset=&#8220;default&#8220; hover_enabled=&#8220;0&#8243; global_colors_info=&#8220;{}&#8220; theme_builder_area=&#8220;post_content&#8220; sticky_enabled=&#8220;0&#8243;][\/et_pb_image][et_pb_image src=&#8220;https:\/\/22q-media.de\/wp-content\/uploads\/2025\/04\/IMG_20250427_120347-scaled.jpg&#8220; _builder_version=&#8220;4.27.4&#8243; _module_preset=&#8220;default&#8220; theme_builder_area=&#8220;post_content&#8220; title_text=&#8220;IMG_20250427_120347&#8243; hover_enabled=&#8220;0&#8243; sticky_enabled=&#8220;0&#8243;][\/et_pb_image][\/et_pb_column][et_pb_column type=&#8220;1_2&#8243; _builder_version=&#8220;4.27.3&#8243; _module_preset=&#8220;default&#8220; global_colors_info=&#8220;{}&#8220; theme_builder_area=&#8220;post_content&#8220;][et_pb_text _builder_version=&#8220;4.27.4&#8243; _module_preset=&#8220;default&#8220; hover_enabled=&#8220;0&#8243; global_colors_info=&#8220;{}&#8220; theme_builder_area=&#8220;post_content&#8220; sticky_enabled=&#8220;0&#8243;]<p>Der Aufbau f\u00fcr die Veranstaltung ist immer sehr komplex und fordert vor allem Christian und mich immer wieder aufs Neue heraus. Da gibt es so viele Dinge zu bedenken und da wir vor Ort auch nicht immer noch mal schnell Technik organisieren k\u00f6nnen, war unser Auto auch dieses Mal randvoll gepackt. 6 Kameras mit Stativen, Funk- und kabelgebundene Mikrofone, Mischpulte f\u00fcr Bild- und Tonsignale, Monitore, Schnittrechner und Laptops, Lautsprechersystem und unz\u00e4hlige Meter verschiedenster Kabel mussten in die beiden Vortragsr\u00e4ume verbaut werden.<\/p>\n<p>Nach dem Aufbau muss dann nat\u00fcrlich getestet werden, ob auch alle Signale an die richtigen Stellen transportiert werden. Also kommt der Ton, den wir im Raum \u00fcber verschiedenste Mikrofone aufnehmen auch an die Lautsprecher, wo er hin soll? H\u00f6rt die Person, die den Online-Vortrag h\u00e4lt, auch Fragen aus dem Publikum im Saal?<\/p>\n<p>Das alles ist nicht ganz einfach zu realisieren und setzt uns schon am ersten Tag immer etwas unter Stress. Wenn aber erst mal alles l\u00e4uft, kann man aber so langsam dazu \u00fcbergehen, dass die Routine einkehrt und irgendwann l\u00e4uft das gesamte System aus Technik und Mitarbeitern dann auch meistens ganz rund.\u00a0<\/p>\n<p>Was wir uns f\u00fcr die n\u00e4chste Umsetzung w\u00fcnschen w\u00fcrden, ist ein Kommunikationssystem, womit die Person an der Bildregie dann direkt mit den Kamerleuten reden kann, um ihnen Kommandos zu geben, welche Bilder sie von ihnen ben\u00f6tigen.<\/p>[\/et_pb_text][\/et_pb_column][\/et_pb_row][et_pb_row _builder_version=&#8220;4.27.3&#8243; _module_preset=&#8220;default&#8220; global_colors_info=&#8220;{}&#8220; theme_builder_area=&#8220;post_content&#8220;][et_pb_column type=&#8220;4_4&#8243; _builder_version=&#8220;4.27.3&#8243; _module_preset=&#8220;default&#8220; global_colors_info=&#8220;{}&#8220; theme_builder_area=&#8220;post_content&#8220;][\/et_pb_column][\/et_pb_row][\/et_pb_section]\n","protected":false},"excerpt":{"rendered":"<p>Am vergangenen Wochenende fand das Themenwochenende in Hohenroda in der hessischen Rh\u00f6n statt. Knapp 250 Menschen trafen sich, um sich miteinander auszutauschen, Vortr\u00e4gen zu lauschen und gemeinsam ein Wochenende zu verbringen. 22QMedia ist bei diesen Veranstaltungen immer mit dabei, um Vortr\u00e4ge aufzuzeichnen, damit wir die wichtigen Infos anschlie\u00dfend auf unserem Youtube-Kanal ver\u00f6ffentlichen k\u00f6nnen. Damit wollen [&hellip;]<\/p>\n","protected":false},"author":2,"featured_media":748,"comment_status":"closed","ping_status":"open","sticky":false,"template":"","format":"standard","meta":{"_et_pb_use_builder":"on","_et_pb_old_content":"","_et_gb_content_width":"","footnotes":"","_share_on_mastodon":"1"},"categories":[10,14],"tags":[],"class_list":["post-750","post","type-post","status-publish","format-standard","has-post-thumbnail","hentry","category-news","category-veranstaltungen"],"share_on_mastodon":{"url":"https:\/\/podcasts.social\/@22zuhoeren\/114419924774941709","error":""},"_links":{"self":[{"href":"https:\/\/22q-media.de\/index.php?rest_route=\/wp\/v2\/posts\/750","targetHints":{"allow":["GET"]}}],"collection":[{"href":"https:\/\/22q-media.de\/index.php?rest_route=\/wp\/v2\/posts"}],"about":[{"href":"https:\/\/22q-media.de\/index.php?rest_route=\/wp\/v2\/types\/post"}],"author":[{"embeddable":true,"href":"https:\/\/22q-media.de\/index.php?rest_route=\/wp\/v2\/users\/2"}],"replies":[{"embeddable":true,"href":"https:\/\/22q-media.de\/index.php?rest_route=%2Fwp%2Fv2%2Fcomments&post=750"}],"version-history":[{"count":5,"href":"https:\/\/22q-media.de\/index.php?rest_route=\/wp\/v2\/posts\/750\/revisions"}],"predecessor-version":[{"id":756,"href":"https:\/\/22q-media.de\/index.php?rest_route=\/wp\/v2\/posts\/750\/revisions\/756"}],"wp:featuredmedia":[{"embeddable":true,"href":"https:\/\/22q-media.de\/index.php?rest_route=\/wp\/v2\/media\/748"}],"wp:attachment":[{"href":"https:\/\/22q-media.de\/index.php?rest_route=%2Fwp%2Fv2%2Fmedia&parent=750"}],"wp:term":[{"taxonomy":"category","embeddable":true,"href":"https:\/\/22q-media.de\/index.php?rest_route=%2Fwp%2Fv2%2Fcategories&post=750"},{"taxonomy":"post_tag","embeddable":true,"href":"https:\/\/22q-media.de\/index.php?rest_route=%2Fwp%2Fv2%2Ftags&post=750"}],"curies":[{"name":"wp","href":"https:\/\/api.w.org\/{rel}","templated":true}]}}