{"id":684,"date":"2025-02-28T22:45:55","date_gmt":"2025-02-28T21:45:55","guid":{"rendered":"https:\/\/22q-media.de\/?p=684"},"modified":"2025-03-01T13:11:00","modified_gmt":"2025-03-01T12:11:00","slug":"bustour-25_1-nach-wuerzburg","status":"publish","type":"post","link":"https:\/\/22q-media.de\/?p=684","title":{"rendered":"Bustour 25_1 nach W\u00fcrzburg"},"content":{"rendered":"<p>[et_pb_section fb_built=&#8220;1&#8243; _builder_version=&#8220;4.27.4&#8243; _module_preset=&#8220;default&#8220; global_colors_info=&#8220;{}&#8220;][et_pb_row _builder_version=&#8220;4.27.4&#8243; _module_preset=&#8220;default&#8220; global_colors_info=&#8220;{}&#8220;][et_pb_column type=&#8220;4_4&#8243; _builder_version=&#8220;4.27.4&#8243; _module_preset=&#8220;default&#8220; global_colors_info=&#8220;{}&#8220;][et_pb_text _builder_version=&#8220;4.27.4&#8243; _module_preset=&#8220;default&#8220; global_colors_info=&#8220;{}&#8220;]<\/p>\n<p>Viele Gr\u00fc\u00dfe aus W\u00fcrzburg! Wir sind seit Sonntag hier in der Jugendbildungsst\u00e4tte untergebracht und filmen in dieser Woche im Zentrum f\u00fcr seltene Erkrankungen (Zese) am Universit\u00e4tsklinikum W\u00fcrzburg. Dort haben wir in der <a href=\"https:\/\/www.ukw.de\/kinder-und-jugendpsychiatrie\/startseite\/\" target=\"_blank\" rel=\"noopener\" title=\"zur KJPPP\">Kinder und Jugendpsychiatrie<\/a> gefilmt, um euch einen Eindruck zu verschaffen, wie es da so aussieht und auf was man sich so einstellen kann, wenn man da mal hin muss, soll oder m\u00f6chte.<\/p>\n<p>[\/et_pb_text][\/et_pb_column][\/et_pb_row][et_pb_row column_structure=&#8220;1_2,1_2&#8243; _builder_version=&#8220;4.27.4&#8243; _module_preset=&#8220;default&#8220; global_colors_info=&#8220;{}&#8220;][et_pb_column type=&#8220;1_2&#8243; _builder_version=&#8220;4.27.4&#8243; _module_preset=&#8220;default&#8220; global_colors_info=&#8220;{}&#8220;][et_pb_text _builder_version=&#8220;4.27.4&#8243; _module_preset=&#8220;default&#8220; global_colors_info=&#8220;{}&#8220;]<\/p>\n<p>Wir haben Interviews mit der Klinikleitung (Prof. Dr. med. Marcel Romanos), Dr. med. Franziska Radtke und Carina Sauter gef\u00fchrt. Dabei haben wir sie gefragt, wie man sich so einen Klinikalltag vorstellen muss und haben in allen relevanten Stationen mal rein geschaut.<\/p>\n<p>Im Zentrum Deletionssyndrom 22q11.2 wird eine umfassende Diagnostik und Therapie f\u00fcr Menschen angeboten, die vom 22Q-Syndrom betroffen sind.<\/p>\n<p>Wir begleiteten einen kleinen neuen Patienten, der zum ersten mal in W\u00fcrzburg im Zese war und schauten ihm bei seinen ersten Untersuchungen und Gespr\u00e4chen \u00fcber die Schulter.<\/p>\n<p>Das alles immer mit dem n\u00f6tigen Abstand und m\u00f6glichst so, dass sich weder Eltern noch Patient eingeengt f\u00fchlen oder Angst vor dem Kamerateam haben muss. Schlie\u00dflich sind auch die Leute, die hinter den Kameras stehen von dem Gendefekt betroffen. Teilweise waren Mitglieder aus unserem Team auch schon als Patient hier im Haus.<\/p>\n<p>Die Mitarbeiter:innen haben uns sehr herzlich aufgenommen und erm\u00f6glichten uns, hier unsere Aufnahmen m\u00f6glichst gut in den Kasten zu bekommen.<\/p>\n<p>Wir haben auf vergangenen Bustouren ja immer mal wieder in Einrichtungen gedreht, wo es nicht um uns als Filmteam ging, sondern wir uns m\u00f6glichst so verhalten mussten, dass wir den normalen Ablauf nicht zu sehr durcheinander bringen durften. Das hat auch dieses Mal wieder ganz gut hin gehauen und die Mitarbeitenden der Einrichtung haben uns das Gef\u00fchl gegeben, dass wir nicht all zu viel durcheinander gebracht haben.<\/p>\n<p>[\/et_pb_text][\/et_pb_column][et_pb_column type=&#8220;1_2&#8243; _builder_version=&#8220;4.27.4&#8243; _module_preset=&#8220;default&#8220; global_colors_info=&#8220;{}&#8220;][et_pb_image src=&#8220;https:\/\/22q-media.de\/wp-content\/uploads\/2025\/02\/IMG_8062-scaled.jpg&#8220; title_text=&#8220;IMG_8062&#8243; _builder_version=&#8220;4.27.4&#8243; _module_preset=&#8220;default&#8220; global_colors_info=&#8220;{}&#8220;][\/et_pb_image][\/et_pb_column][\/et_pb_row][et_pb_row _builder_version=&#8220;4.27.4&#8243; _module_preset=&#8220;default&#8220; global_colors_info=&#8220;{}&#8220;][et_pb_column type=&#8220;4_4&#8243; _builder_version=&#8220;4.27.4&#8243; _module_preset=&#8220;default&#8220; global_colors_info=&#8220;{}&#8220;][et_pb_text _builder_version=&#8220;4.27.4&#8243; _module_preset=&#8220;default&#8220; global_colors_info=&#8220;{}&#8220;]<\/p>\n<p>Unser Team besteht bei dieser Tour aus 3 Betreuer:innen und 5 Teilnehmer:innen. Wir sind in der <a href=\"https:\/\/jubi-unterfranken.de\/\" target=\"_blank\" rel=\"noopener\" title=\"zur Jubi\">Jugendbildungsst\u00e4tte Unterfranken<\/a> untergebracht und haben uns dort unsere Basis eingerichtet, von der aus wir zu den Drehterminen reisen. Au\u00dferdem planen wir hier die Termine, \u00fcberlegen uns Fragen f\u00fcr die Interviewg\u00e4ste und schneiden die aufgenommenen Videos dann zu einem Film zusammen, welcher dann in n\u00e4chster Zeit auf <a href=\"https:\/\/www.youtube.com\/@wirsind22q\" target=\"_blank\" rel=\"noopener\" title=\"zum Kanal\">unserem Youtube-Kanal<\/a> ver\u00f6ffentlicht werden wird.<\/p>\n<p>[\/et_pb_text][\/et_pb_column][\/et_pb_row][et_pb_row _builder_version=&#8220;4.27.4&#8243; _module_preset=&#8220;default&#8220; global_colors_info=&#8220;{}&#8220;][et_pb_column type=&#8220;4_4&#8243; _builder_version=&#8220;4.27.4&#8243; _module_preset=&#8220;default&#8220; global_colors_info=&#8220;{}&#8220;][et_pb_image src=&#8220;https:\/\/22q-media.de\/wp-content\/uploads\/2025\/02\/IMG_20250224_153631-scaled.jpg&#8220; title_text=&#8220;IMG_20250224_153631&#8243; _builder_version=&#8220;4.27.4&#8243; _module_preset=&#8220;default&#8220; global_colors_info=&#8220;{}&#8220;][\/et_pb_image][\/et_pb_column][\/et_pb_row][et_pb_row _builder_version=&#8220;4.27.4&#8243; _module_preset=&#8220;default&#8220; global_colors_info=&#8220;{}&#8220;][et_pb_column type=&#8220;4_4&#8243; _builder_version=&#8220;4.27.4&#8243; _module_preset=&#8220;default&#8220; global_colors_info=&#8220;{}&#8220;][et_pb_text _builder_version=&#8220;4.27.4&#8243; _module_preset=&#8220;default&#8220; global_colors_info=&#8220;{}&#8220;]<\/p>\n<p>Bis wir das komplette Video in voller G\u00e4nze ver\u00f6ffentlichen, wird sicher noch die ein oder andere Woche ins Land ziehen, deswegen haben wir hier jetzt schon mal f\u00fcr euch unser Making-of, welches dieses Mal von Laura geschnitten wurde, damit ihr euch einen Eindruck davon machen k\u00f6nnt, was wir hier so alles getrieben haben&#8230; Viel Spa\u00df beim Anschauen.<\/p>\n<p>[\/et_pb_text][\/et_pb_column][\/et_pb_row][et_pb_row _builder_version=&#8220;4.27.4&#8243; _module_preset=&#8220;default&#8220; global_colors_info=&#8220;{}&#8220;][et_pb_column type=&#8220;4_4&#8243; _builder_version=&#8220;4.27.4&#8243; _module_preset=&#8220;default&#8220; global_colors_info=&#8220;{}&#8220;][et_pb_video src=&#8220;https:\/\/youtu.be\/Xha5WRoOXyA&#8220; _builder_version=&#8220;4.27.4&#8243; _module_preset=&#8220;default&#8220; global_colors_info=&#8220;{}&#8220;][\/et_pb_video][\/et_pb_column][\/et_pb_row][et_pb_row _builder_version=&#8220;4.27.4&#8243; _module_preset=&#8220;default&#8220; global_colors_info=&#8220;{}&#8220;][et_pb_column type=&#8220;4_4&#8243; _builder_version=&#8220;4.27.4&#8243; _module_preset=&#8220;default&#8220; global_colors_info=&#8220;{}&#8220;][et_pb_text _builder_version=&#8220;4.27.4&#8243; _module_preset=&#8220;default&#8220; global_colors_info=&#8220;{}&#8220;]<\/p>\n<p>Und hier gibts noch ein paar Fotos von unserer Tour.<\/p>\n<p>[\/et_pb_text][\/et_pb_column][\/et_pb_row][et_pb_row _builder_version=&#8220;4.27.4&#8243; _module_preset=&#8220;default&#8220; global_colors_info=&#8220;{}&#8220;][et_pb_column type=&#8220;4_4&#8243; _builder_version=&#8220;4.27.4&#8243; _module_preset=&#8220;default&#8220; global_colors_info=&#8220;{}&#8220;][et_pb_gallery gallery_ids=&#8220;703,704,705,706,707,708,709,710,713,715,718,719&#8243; fullwidth=&#8220;on&#8220; _builder_version=&#8220;4.27.4&#8243; _module_preset=&#8220;default&#8220; child_mix_blend_mode=&#8220;overlay&#8220; hover_enabled=&#8220;0&#8243; global_colors_info=&#8220;{}&#8220; sticky_enabled=&#8220;0&#8243;][\/et_pb_gallery][\/et_pb_column][\/et_pb_row][\/et_pb_section]<\/p>\n","protected":false},"excerpt":{"rendered":"<p>Viele Gr\u00fc\u00dfe aus W\u00fcrzburg! Wir sind seit Sonntag hier in der Jugendbildungsst\u00e4tte untergebracht und filmen in dieser Woche im Zentrum f\u00fcr seltene Erkrankungen (Zese) am Universit\u00e4tsklinikum W\u00fcrzburg. Dort haben wir in der Kinder und Jugendpsychiatrie gefilmt, um euch einen Eindruck zu verschaffen, wie es da so aussieht und auf was man sich so einstellen kann, [&hellip;]<\/p>\n","protected":false},"author":2,"featured_media":0,"comment_status":"closed","ping_status":"open","sticky":false,"template":"","format":"standard","meta":{"_et_pb_use_builder":"on","_et_pb_old_content":"","_et_gb_content_width":"2880","footnotes":"","_share_on_mastodon":"1"},"categories":[10],"tags":[28,65,64],"class_list":["post-684","post","type-post","status-publish","format-standard","hentry","category-news","tag-bustour","tag-klinik","tag-wuerzburg"],"share_on_mastodon":{"url":"https:\/\/podcasts.social\/@22zuhoeren\/114083702730215456","error":""},"_links":{"self":[{"href":"https:\/\/22q-media.de\/index.php?rest_route=\/wp\/v2\/posts\/684","targetHints":{"allow":["GET"]}}],"collection":[{"href":"https:\/\/22q-media.de\/index.php?rest_route=\/wp\/v2\/posts"}],"about":[{"href":"https:\/\/22q-media.de\/index.php?rest_route=\/wp\/v2\/types\/post"}],"author":[{"embeddable":true,"href":"https:\/\/22q-media.de\/index.php?rest_route=\/wp\/v2\/users\/2"}],"replies":[{"embeddable":true,"href":"https:\/\/22q-media.de\/index.php?rest_route=%2Fwp%2Fv2%2Fcomments&post=684"}],"version-history":[{"count":12,"href":"https:\/\/22q-media.de\/index.php?rest_route=\/wp\/v2\/posts\/684\/revisions"}],"predecessor-version":[{"id":720,"href":"https:\/\/22q-media.de\/index.php?rest_route=\/wp\/v2\/posts\/684\/revisions\/720"}],"wp:attachment":[{"href":"https:\/\/22q-media.de\/index.php?rest_route=%2Fwp%2Fv2%2Fmedia&parent=684"}],"wp:term":[{"taxonomy":"category","embeddable":true,"href":"https:\/\/22q-media.de\/index.php?rest_route=%2Fwp%2Fv2%2Fcategories&post=684"},{"taxonomy":"post_tag","embeddable":true,"href":"https:\/\/22q-media.de\/index.php?rest_route=%2Fwp%2Fv2%2Ftags&post=684"}],"curies":[{"name":"wp","href":"https:\/\/api.w.org\/{rel}","templated":true}]}}