{"id":637,"date":"2024-11-22T10:08:13","date_gmt":"2024-11-22T09:08:13","guid":{"rendered":"https:\/\/22q-media.de\/?p=637"},"modified":"2024-11-22T10:08:16","modified_gmt":"2024-11-22T09:08:16","slug":"22qmedia-auf-dem-kongress-in-mainz","status":"publish","type":"post","link":"https:\/\/22q-media.de\/?p=637","title":{"rendered":"22QMedia auf dem Kongress in Mainz"},"content":{"rendered":"\n[et_pb_section fb_built=&#8220;1&#8243; _builder_version=&#8220;4.27.3&#8243; _module_preset=&#8220;default&#8220; global_colors_info=&#8220;{}&#8220;][et_pb_row _builder_version=&#8220;4.27.3&#8243; _module_preset=&#8220;default&#8220; global_colors_info=&#8220;{}&#8220;][et_pb_column type=&#8220;4_4&#8243; _builder_version=&#8220;4.27.3&#8243; _module_preset=&#8220;default&#8220; global_colors_info=&#8220;{}&#8220;][et_pb_text _builder_version=&#8220;4.27.3&#8243; _module_preset=&#8220;default&#8220; global_colors_info=&#8220;{}&#8220;]<p>Am vergangenen Wochenende fand der 22Q Kongress in der Jugendherberge in Mainz statt. Knapp 200 Menschen trafen sich, um sich miteinander auszutauschen, Vortr\u00e4gen zu lauschen und gemeinsam ein Wochenende zu verbringen.<\/p>\n<p>22QMedia ist bei diesen Veranstaltungen immer mit dabei, um Vortr\u00e4ge aufzuzeichnen, damit wir die wichtigen Infos anschlie\u00dfend auf unserem <a href=\"https:\/\/www.youtube.com\/channel\/UCqls9NsyQMhveynNN4AH66w\" target=\"_blank\" rel=\"noopener\" title=\"zum Kanal\">Youtube-Kanal<\/a> ver\u00f6ffentlichen k\u00f6nnen. Damit wollen wir ein breiteres Verst\u00e4ndnis f\u00fcr die Besonderheiten rund um das Syndrom schaffen.<\/p>\n<p>Gleichzeitig werden die Vortr\u00e4ge auch \u00fcber eine Online-Konferenz &#8222;gestreamt&#8220;. Damit wollen wir Menschen, die nicht zu der Veranstaltung anreisen k\u00f6nnen, eine Teilnahme erm\u00f6glichen.<\/p>\n<p>Au\u00dferdem hatten wir auch einen Vortragenden, der \u00fcber die Konferenz zugeschaltet war und so nicht extra anreisen musste.<\/p>[\/et_pb_text][\/et_pb_column][\/et_pb_row][et_pb_row column_structure=&#8220;1_2,1_2&#8243; _builder_version=&#8220;4.27.3&#8243; _module_preset=&#8220;default&#8220; global_colors_info=&#8220;{}&#8220;][et_pb_column type=&#8220;1_2&#8243; _builder_version=&#8220;4.27.3&#8243; _module_preset=&#8220;default&#8220; global_colors_info=&#8220;{}&#8220;][et_pb_image src=&#8220;https:\/\/22q-media.de\/wp-content\/uploads\/2024\/11\/IMG_20241117_091245_Bokeh-scaled.jpg&#8220; title_text=&#8220;IMG_20241117_091245_Bokeh&#8220; _builder_version=&#8220;4.27.3&#8243; _module_preset=&#8220;default&#8220; global_colors_info=&#8220;{}&#8220;][\/et_pb_image][\/et_pb_column][et_pb_column type=&#8220;1_2&#8243; _builder_version=&#8220;4.27.3&#8243; _module_preset=&#8220;default&#8220; global_colors_info=&#8220;{}&#8220;][et_pb_text _builder_version=&#8220;4.27.3&#8243; _module_preset=&#8220;default&#8220; global_colors_info=&#8220;{}&#8220;]<p>Der Aufbau f\u00fcr die Veranstaltung ist immer sehr komplex und fordert vor allem Christian und mich immer wieder aufs Neue heraus. Da gibt es so viele Dinge zu bedenken und da wir vor Ort auch nicht immer noch mal schnell Technik organisieren k\u00f6nnen, war unser Auto dieses Mal besonders voll gepackt. 6 Kameras mit Stativen, Funk- und kabelgebundene Mikrofone, Mischpulte f\u00fcr Bild- und Tonsignale, Monitore, Schnittrechner und Laptops, Lautsprechersystem und unz\u00e4hlige Meter verschiedenster Kabel mussten in der Jugendherberge verbaut werden.<\/p>\n<p>Nach dem Aufbau muss dann nat\u00fcrlich getestet werden, ob auch alle Signale an die richtigen Stellen transportiert werden. Also kommt der Ton, den wir im Raum \u00fcber verschiedenste Mikrofone aufnehmen auch an die Lautsprecher, wo er hin soll? H\u00f6rt die Person, die den Online-Vortrag h\u00e4lt, auch Fragen aus dem Publikum im Saal?<\/p>\n<p>Das alles ist nicht ganz einfach zu realisieren und setzt uns schon am ersten Tag immer etwas unter Stress. Wenn aber erst mal alles l\u00e4uft, kann man aber so langsam dazu \u00fcbergehen, dass die Routine einkehrt und irgendwann l\u00e4uft das gesamte System aus Technik und Mitarbeitern dann auch rund&#8230;<\/p>[\/et_pb_text][\/et_pb_column][\/et_pb_row][et_pb_row _builder_version=&#8220;4.27.3&#8243; _module_preset=&#8220;default&#8220; global_colors_info=&#8220;{}&#8220;][et_pb_column type=&#8220;4_4&#8243; _builder_version=&#8220;4.27.3&#8243; _module_preset=&#8220;default&#8220; global_colors_info=&#8220;{}&#8220;][et_pb_text _builder_version=&#8220;4.27.3&#8243; _module_preset=&#8220;default&#8220; global_colors_info=&#8220;{}&#8220;]<p>Wie das Ganze dann im Einsatz aussah, kannst du dir hier anschauen&#8230;<\/p>[\/et_pb_text][\/et_pb_column][\/et_pb_row][et_pb_row _builder_version=&#8220;4.27.3&#8243; _module_preset=&#8220;default&#8220; global_colors_info=&#8220;{}&#8220;][et_pb_column type=&#8220;4_4&#8243; _builder_version=&#8220;4.27.3&#8243; _module_preset=&#8220;default&#8220; global_colors_info=&#8220;{}&#8220;][et_pb_gallery gallery_ids=&#8220;655,656,657,658,654,659&#8243; orientation=&#8220;portrait&#8220; show_title_and_caption=&#8220;off&#8220; zoom_icon_color=&#8220;RGBA(255,255,255,0)&#8220; _builder_version=&#8220;4.27.3&#8243; _module_preset=&#8220;default&#8220; background_enable_color=&#8220;off&#8220; global_colors_info=&#8220;{}&#8220;][\/et_pb_gallery][\/et_pb_column][\/et_pb_row][et_pb_row _builder_version=&#8220;4.27.3&#8243; _module_preset=&#8220;default&#8220; global_colors_info=&#8220;{}&#8220;][et_pb_column type=&#8220;4_4&#8243; _builder_version=&#8220;4.27.3&#8243; _module_preset=&#8220;default&#8220; global_colors_info=&#8220;{}&#8220;][et_pb_text _builder_version=&#8220;4.27.3&#8243; _module_preset=&#8220;default&#8220; global_colors_info=&#8220;{}&#8220;]<h3>Highlight Benefizkonzert<\/h3>[\/et_pb_text][\/et_pb_column][\/et_pb_row][et_pb_row _builder_version=&#8220;4.27.3&#8243; _module_preset=&#8220;default&#8220; global_colors_info=&#8220;{}&#8220;][et_pb_column type=&#8220;4_4&#8243; _builder_version=&#8220;4.27.3&#8243; _module_preset=&#8220;default&#8220; global_colors_info=&#8220;{}&#8220;][et_pb_text _builder_version=&#8220;4.27.3&#8243; _module_preset=&#8220;default&#8220; global_colors_info=&#8220;{}&#8220;]<p>Ein besonderes Schmankerl war das Benefiz-Konzert am Freitag Abend in der Christuskirche in der Mainzer Innenstadt.<\/p>\n<p>Unser Teammitglied Tim, der ein begnadeter Musiker ist, spielte an der Orgel, Hannah an der Querfl\u00f6te, Linda steuerte ihre Fl\u00f6tenk\u00fcnste beim Quartett mit Tim und zwei weiteren Musikern bei. Laura und zwei Mitglieder der Mainzer Hofs\u00e4nger komplettierten das Aufgebot mit ihren Gesangseinlagen.<\/p>\n<p>Wir von der 22QMedia-Technikseite haben dabei die Idee umgesetzt, dass man auf einer Leinwand sehen konnte, wie Tim auf der Empore in die Tasten haute, bzw. wie die Mainzer Hofs\u00e4nger und auch Laura und Hannah ihr K\u00fcnste darboten.<\/p>\n<p>Dazu haben wir zwei Video-Funkstrecken eingerichtet und die Bilder von der Empore auf die Leinwand im Altarraum \u00fcbertragen.<\/p>[\/et_pb_text][et_pb_gallery gallery_ids=&#8220;645,643,644,646,647,648,649,650&#8243; orientation=&#8220;portrait&#8220; show_title_and_caption=&#8220;off&#8220; _builder_version=&#8220;4.27.3&#8243; _module_preset=&#8220;default&#8220; global_colors_info=&#8220;{}&#8220;][\/et_pb_gallery][\/et_pb_column][\/et_pb_row][et_pb_row _builder_version=&#8220;4.27.3&#8243; _module_preset=&#8220;default&#8220; global_colors_info=&#8220;{}&#8220;][et_pb_column type=&#8220;4_4&#8243; _builder_version=&#8220;4.27.3&#8243; _module_preset=&#8220;default&#8220; global_colors_info=&#8220;{}&#8220;][et_pb_text _builder_version=&#8220;4.27.3&#8243; _module_preset=&#8220;default&#8220; global_colors_info=&#8220;{}&#8220;]<p>Die Besucher des Konzerts waren begeistert und es gab stehende Ovationen. Die Spenden, die an diesem au\u00dfergew\u00f6hnlichen Abend eingenommen wurden, fallen alle dem Verein &#8222;<a href=\"https:\/\/www.wirsind22q.de\/\" target=\"_blank\" rel=\"noopener\" title=\"zum Verein\">Wir sind 22Q e.V.<\/a>&#8220; zu. Wenn auch Du jetzt spenden m\u00f6chtest, <a href=\"https:\/\/www.wirsind22q.de\/aus-dem-verein\/mit-spenden-helfen\/online-spenden\" target=\"_blank\" rel=\"noopener\" title=\"zur Spendenseite\">dann kannst du das hier tun<\/a>.<\/p>[\/et_pb_text][\/et_pb_column][\/et_pb_row][\/et_pb_section]\n","protected":false},"excerpt":{"rendered":"<p>Am vergangenen Wochenende fand der 22Q Kongress in der Jugendherberge in Mainz statt. Knapp 200 Menschen trafen sich, um sich miteinander auszutauschen, Vortr\u00e4gen zu lauschen und gemeinsam ein Wochenende zu verbringen. 22QMedia ist bei diesen Veranstaltungen immer mit dabei, um Vortr\u00e4ge aufzuzeichnen, damit wir die wichtigen Infos anschlie\u00dfend auf unserem Youtube-Kanal ver\u00f6ffentlichen k\u00f6nnen. Damit wollen [&hellip;]<\/p>\n","protected":false},"author":2,"featured_media":658,"comment_status":"closed","ping_status":"open","sticky":false,"template":"","format":"standard","meta":{"_et_pb_use_builder":"on","_et_pb_old_content":"","_et_gb_content_width":"2880","footnotes":"","_share_on_mastodon":"1"},"categories":[10,14],"tags":[15,43,54,42,38,41],"class_list":["post-637","post","type-post","status-publish","format-standard","has-post-thumbnail","hentry","category-news","category-veranstaltungen","tag-22qmedia","tag-live","tag-reichweite","tag-veranstaltungen","tag-verein","tag-vortraege"],"share_on_mastodon":{"url":"https:\/\/podcasts.social\/@22zuhoeren\/113525817094285039","error":""},"_links":{"self":[{"href":"https:\/\/22q-media.de\/index.php?rest_route=\/wp\/v2\/posts\/637","targetHints":{"allow":["GET"]}}],"collection":[{"href":"https:\/\/22q-media.de\/index.php?rest_route=\/wp\/v2\/posts"}],"about":[{"href":"https:\/\/22q-media.de\/index.php?rest_route=\/wp\/v2\/types\/post"}],"author":[{"embeddable":true,"href":"https:\/\/22q-media.de\/index.php?rest_route=\/wp\/v2\/users\/2"}],"replies":[{"embeddable":true,"href":"https:\/\/22q-media.de\/index.php?rest_route=%2Fwp%2Fv2%2Fcomments&post=637"}],"version-history":[{"count":12,"href":"https:\/\/22q-media.de\/index.php?rest_route=\/wp\/v2\/posts\/637\/revisions"}],"predecessor-version":[{"id":669,"href":"https:\/\/22q-media.de\/index.php?rest_route=\/wp\/v2\/posts\/637\/revisions\/669"}],"wp:featuredmedia":[{"embeddable":true,"href":"https:\/\/22q-media.de\/index.php?rest_route=\/wp\/v2\/media\/658"}],"wp:attachment":[{"href":"https:\/\/22q-media.de\/index.php?rest_route=%2Fwp%2Fv2%2Fmedia&parent=637"}],"wp:term":[{"taxonomy":"category","embeddable":true,"href":"https:\/\/22q-media.de\/index.php?rest_route=%2Fwp%2Fv2%2Fcategories&post=637"},{"taxonomy":"post_tag","embeddable":true,"href":"https:\/\/22q-media.de\/index.php?rest_route=%2Fwp%2Fv2%2Ftags&post=637"}],"curies":[{"name":"wp","href":"https:\/\/api.w.org\/{rel}","templated":true}]}}