{"id":583,"date":"2024-07-03T09:02:25","date_gmt":"2024-07-03T07:02:25","guid":{"rendered":"https:\/\/22q-media.de\/?p=583"},"modified":"2024-08-08T16:19:24","modified_gmt":"2024-08-08T14:19:24","slug":"folge-28-22q-und-sprache-teil-1","status":"publish","type":"post","link":"https:\/\/22q-media.de\/?p=583","title":{"rendered":"Folge 28 &#8211; 22Q und Sprache (Teil 1)"},"content":{"rendered":"<p><strong><\/strong><\/p>\n<script class=\"podigee-podcast-player\" src=\"https:\/\/player.podigee-cdn.net\/podcast-player\/javascripts\/podigee-podcast-player.js\" data-configuration=\"https:\/\/22zuhoeren.podigee.io\/28-22q-und-sprache\/embed?context=external\"><\/script>\n<p>Ein Gespr\u00e4ch mit Prof. Dr. Sader (Mund-, Kiefer- und Plastische Gesichtschirurgie)<\/p>\n<h2 id=\"derpodcastvonundbermenschenmit22q\">Der Podcast von und \u00fcber Menschen mit 22Q.<\/h2>\n<p>\u201e22Q\u201c, \u201eDeletionssyndrom\u201c oder auch \u201eDigeorge Syndrom\u201c. Es gibt viele Namen und doch kennt sie kaum einer. Wir wollen das \u00e4ndern und euch ein bisschen \u00fcber diese gar nicht so seltene Erkrankung und die Menschen mit dieser Erkrankung erz\u00e4hlen aber auch \u00fcber unseren Verein \u201eWir sind 22Q e.V.\u201c der sich f\u00fcr Betroffene und deren Familien einsetzt.<\/p>\n<p>Der Verein im Netz:<\/p>\n<p><a href=\"https:\/\/22q-media.de\/\"><strong>22QMedia<\/strong><\/a> &#8211; Die Webseite zu unserem Projekt. <\/p>\n<p><a href=\"https:\/\/www.youtube.com\/channel\/UCqls9NsyQMhveynNN4AH66w\"><strong>Youtube<\/strong><\/a> &#8211; Unser Youtube-Kanal<\/p>\n<p><a href=\"https:\/\/www.instagram.com\/wir_sind_22q\/\"><strong>Instagram<\/strong><\/a> &#8211; Wir sind 22Q bei Insta<\/p>\n<p><a href=\"https:\/\/podcasts.social\/@22zuhoeren\"><strong>Mastodon<\/strong><\/a> &#8211; Unser Podcast bei Mastodon<\/p>\n<p><a href=\"https:\/\/www.facebook.com\/groups\/wirsind22q\"><strong>Facebook-Gruppe<\/strong><\/a> &#8211; Wir sind 22Q: Die Facebook-Gruppe<\/p>\n<p><a href=\"https:\/\/22zuhoeren.podigee.io\/\"><strong>podcast webseite podigee<\/strong><\/a> &#8211; Unser Podcast auf podigee. Falls Du kein Spotify nutzen m\u00f6chtest oder kannst, sind alle unsere Folgen hier im Webplayer zu h\u00f6ren. <\/p>\n<p><strong>Und hier die Links aus der Sendung:<\/strong><\/p>\n<p><a href=\"https:\/\/der-frankfurter.de\/2023\/12\/07\/ein-leben-im-dienst-der-medizin-und-menschlichkeit\/\"><strong>Prof. Dr. Sader<\/strong><\/a> &#8211; Arzt mit Bundesverdienstkreuz<\/p>\n<p><a href=\"https:\/\/kgu.de\/\"><strong>Universit\u00e4tsklinikum Frankfurt am Main<\/strong><\/a> &#8211; Zur Webseite der Universit\u00e4tsklinik Frankfurt am Main<\/p>\n<p><a href=\"https:\/\/de.wikipedia.org\/wiki\/Lippen-Kiefer-Gaumenspalte\"><strong>Lippen-Kiefer-Gaumen-Spalte<\/strong><\/a> &#8211; Was ist das?<\/p>\n<p><a href=\"https:\/\/de.wikipedia.org\/wiki\/Eustachi-R%C3%B6hre\"><strong>Eustachische R\u00f6hre<\/strong><\/a> &#8211; Was ist das?<\/p>\n<p><a href=\"https:\/\/de.wikipedia.org\/wiki\/Paukenr%C3%B6hrchen\"><strong>Paukenr\u00f6hrchen<\/strong><\/a> &#8211; Erkl\u00e4rung<\/p>\n<p><a href=\"https:\/\/www.logopaedie.com\/stoerungsbild\/naeseln-rhinophonie\/\"><strong>Nasale Sprache<\/strong><\/a> <\/p>\n<p><a href=\"http:\/\/www.logopaedie-arztmann.at\/gefuhrte-interaktion.pdf\"><strong>Taktil Kien\u00e4sthetische Wahrnehmung<\/strong><\/a> &#8211; PDF<\/p>\n<p><a href=\"https:\/\/www.unimedizin-mainz.de\/fileadmin\/kliniken\/ki\/Dokumente\/Physiotherapie\/orofazial.pdf\"><strong>Orophasziale Regulationstherapie<\/strong><\/a> &#8211; PDF<\/p>\n<p><a href=\"https:\/\/de.wikipedia.org\/wiki\/Rodolfo_Castillo_Morales\"><strong>Castillio Morales<\/strong><\/a> &#8211; zur Person<\/p>\n<p><a href=\"https:\/\/de.wikipedia.org\/wiki\/Muskelhypotonie\"><strong>Muskul\u00e4re Hypotonie<\/strong><\/a> &#8211; Beschreibung auf Wikipedia<\/p>\n<p><a href=\"https:\/\/www.logopraxis.info\/korrekte-zungenruhelage\/\"><strong>Zungenlage<\/strong><\/a><\/p>\n<hr \/>\n<h2 id=\"podcastappsdiewirempfehlen\">Podcast-Apps, die wir empfehlen:<\/h2>\n<p><strong>Android:<\/strong><\/p>\n<p><a href=\"https:\/\/play.google.com\/store\/apps\/details?id=de.danoeh.antennapod\"><strong>AntennaPod<\/strong><\/a> &#8211;  eine Open-Source-Podcast-App f\u00fcr Android<\/p>\n<p><a href=\"https:\/\/play.google.com\/store\/apps\/details?id=au.com.shiftyjelly.pocketcasts\"><strong>PocketCasts<\/strong><\/a><\/p>\n<p><a href=\"https:\/\/play.google.com\/store\/apps\/details?id=com.bambuna.podcastaddict\"><strong>Podcast Addict<\/strong><\/a><\/p>\n<p><a href=\"https:\/\/play.google.com\/store\/apps\/details?id=com.itunestoppodcastplayer.app\"><strong>Podcast Republic<\/strong><\/a><\/p>\n<p><strong>iOS<\/strong><\/p>\n<p><a href=\"https:\/\/overcast.fm\/\"><strong>Overcast<\/strong><\/a> <\/p>\n<p><a href=\"https:\/\/pocketcasts.com\/\"><strong>PoketCasts<\/strong><\/a><\/p>\n<p><a href=\"https:\/\/support.apple.com\/en-us\/HT201859\"><strong>Apple Podcast<\/strong><\/a><\/p><\/p>\n","protected":false},"excerpt":{"rendered":"<p>Ein Gespr\u00e4ch mit Prof. Dr. Sader (Mund-, Kiefer- und Plastische Gesichtschirurgie) Der Podcast von und \u00fcber Menschen mit 22Q. \u201e22Q\u201c, \u201eDeletionssyndrom\u201c oder auch \u201eDigeorge Syndrom\u201c. Es gibt viele Namen und doch kennt sie kaum einer. Wir wollen das \u00e4ndern und euch ein bisschen \u00fcber diese gar nicht so seltene Erkrankung und die Menschen mit dieser [&hellip;]<\/p>\n","protected":false},"author":2,"featured_media":584,"comment_status":"closed","ping_status":"open","sticky":false,"template":"","format":"standard","meta":{"_et_pb_use_builder":"","_et_pb_old_content":"","_et_gb_content_width":"","footnotes":"","_share_on_mastodon":"0"},"categories":[13],"tags":[15,21,20,17,50,51],"class_list":["post-583","post","type-post","status-publish","format-standard","has-post-thumbnail","hentry","category-podcast","tag-22qmedia","tag-22zuhoeren-2","tag-22zuhoeren","tag-podcast","tag-sprache","tag-sprachstoerung"],"share_on_mastodon":{"url":"","error":""},"_links":{"self":[{"href":"https:\/\/22q-media.de\/index.php?rest_route=\/wp\/v2\/posts\/583","targetHints":{"allow":["GET"]}}],"collection":[{"href":"https:\/\/22q-media.de\/index.php?rest_route=\/wp\/v2\/posts"}],"about":[{"href":"https:\/\/22q-media.de\/index.php?rest_route=\/wp\/v2\/types\/post"}],"author":[{"embeddable":true,"href":"https:\/\/22q-media.de\/index.php?rest_route=\/wp\/v2\/users\/2"}],"replies":[{"embeddable":true,"href":"https:\/\/22q-media.de\/index.php?rest_route=%2Fwp%2Fv2%2Fcomments&post=583"}],"version-history":[{"count":1,"href":"https:\/\/22q-media.de\/index.php?rest_route=\/wp\/v2\/posts\/583\/revisions"}],"predecessor-version":[{"id":585,"href":"https:\/\/22q-media.de\/index.php?rest_route=\/wp\/v2\/posts\/583\/revisions\/585"}],"wp:featuredmedia":[{"embeddable":true,"href":"https:\/\/22q-media.de\/index.php?rest_route=\/wp\/v2\/media\/584"}],"wp:attachment":[{"href":"https:\/\/22q-media.de\/index.php?rest_route=%2Fwp%2Fv2%2Fmedia&parent=583"}],"wp:term":[{"taxonomy":"category","embeddable":true,"href":"https:\/\/22q-media.de\/index.php?rest_route=%2Fwp%2Fv2%2Fcategories&post=583"},{"taxonomy":"post_tag","embeddable":true,"href":"https:\/\/22q-media.de\/index.php?rest_route=%2Fwp%2Fv2%2Ftags&post=583"}],"curies":[{"name":"wp","href":"https:\/\/api.w.org\/{rel}","templated":true}]}}