{"id":491,"date":"2022-01-22T22:11:00","date_gmt":"2022-01-22T21:11:00","guid":{"rendered":"https:\/\/22q-media.de\/?p=491"},"modified":"2024-03-01T16:24:09","modified_gmt":"2024-03-01T15:24:09","slug":"folge-1-der-verein","status":"publish","type":"post","link":"https:\/\/22q-media.de\/?p=491","title":{"rendered":"Folge 1 &#8211; Der Verein"},"content":{"rendered":"<p><strong><\/strong><\/p>\n<script class=\"podigee-podcast-player\" src=\"https:\/\/player.podigee-cdn.net\/podcast-player\/javascripts\/podigee-podcast-player.js\" data-configuration=\"https:\/\/22zuhoeren.podigee.io\/2-der-verein\/embed?context=external\"><\/script>\n<p>Wir sind 22Q e.V.<\/p>\n<p>Ein Gespr\u00e4ch mit Stephan Schmid &#8211; Stephan Schmid ist Mitbegr\u00fcnder des Vereins und hat in entscheidendem Ma\u00dfe positiv gepr\u00e4gt und ma\u00dfgeblich dazu beigetragen, dass der Verein mit heute (Stand 2021) \u00fcber 600 Mitgliedsfamilien sowie einem vielf\u00e4ltigem Informations- und Veranstaltungsangebot erste Anlaufstelle f\u00fcr viele betroffene Familien ist. In Anerkennung seiner besonderen Verdienste f\u00fcr den Verein w\u00e4hlte ihn die Mitlgiederversammlung 2016 in Fulda einstimmig zum Ehrenvorsitzenden.  Au\u00dferdem ist er Teil des Exekutivausschusses, der das operative Gesch\u00e4ft des Vereins steuert.<\/p>\n<p>Der Podcast von und \u00fcber Menschen mit 22Q.<br \/>\n\u201e22Q\u201c, \u201eDeletionssyndrom\u201c oder auch \u201eDigeorge Syndrom\u201c. Es gibt viele Namen und doch kennt sie kaum einer. Wir wollen das \u00e4ndern und euch ein bisschen \u00fcber diese gar nicht so seltene Erkrankung und die Menschen mit dieser Erkrankung erz\u00e4hlen aber auch \u00fcber unseren Verein \u201eWir sind 22Q e.V.\u201c der sich f\u00fcr Betroffene und deren Familien einsetzt.<\/p>\n<p>Der Verein im Netz:<br \/>\n<a href=\"https:\/\/www.youtube.com\/channel\/UCqls9NsyQMhveynNN4AH66w\">Youtube<\/a><br \/>\n<a href=\"https:\/\/www.instagram.com\/wir_sind_22q\/\">Instagram<\/a><\/p><\/p>\n","protected":false},"excerpt":{"rendered":"<p>Wir sind 22Q e.V. Ein Gespr\u00e4ch mit Stephan Schmid &#8211; Stephan Schmid ist Mitbegr\u00fcnder des Vereins und hat in entscheidendem Ma\u00dfe positiv gepr\u00e4gt und ma\u00dfgeblich dazu beigetragen, dass der Verein mit heute (Stand 2021) \u00fcber 600 Mitgliedsfamilien sowie einem vielf\u00e4ltigem Informations- und Veranstaltungsangebot erste Anlaufstelle f\u00fcr viele betroffene Familien ist. In Anerkennung seiner besonderen Verdienste [&hellip;]<\/p>\n","protected":false},"author":2,"featured_media":509,"comment_status":"closed","ping_status":"open","sticky":false,"template":"","format":"standard","meta":{"_et_pb_use_builder":"","_et_pb_old_content":"","_et_gb_content_width":"1080","footnotes":"","_share_on_mastodon":"0"},"categories":[13],"tags":[23,15,21,20,17,38],"class_list":["post-491","post","type-post","status-publish","format-standard","has-post-thumbnail","hentry","category-podcast","tag-22q","tag-22qmedia","tag-22zuhoeren-2","tag-22zuhoeren","tag-podcast","tag-verein"],"share_on_mastodon":{"url":"","error":""},"_links":{"self":[{"href":"https:\/\/22q-media.de\/index.php?rest_route=\/wp\/v2\/posts\/491","targetHints":{"allow":["GET"]}}],"collection":[{"href":"https:\/\/22q-media.de\/index.php?rest_route=\/wp\/v2\/posts"}],"about":[{"href":"https:\/\/22q-media.de\/index.php?rest_route=\/wp\/v2\/types\/post"}],"author":[{"embeddable":true,"href":"https:\/\/22q-media.de\/index.php?rest_route=\/wp\/v2\/users\/2"}],"replies":[{"embeddable":true,"href":"https:\/\/22q-media.de\/index.php?rest_route=%2Fwp%2Fv2%2Fcomments&post=491"}],"version-history":[{"count":1,"href":"https:\/\/22q-media.de\/index.php?rest_route=\/wp\/v2\/posts\/491\/revisions"}],"predecessor-version":[{"id":510,"href":"https:\/\/22q-media.de\/index.php?rest_route=\/wp\/v2\/posts\/491\/revisions\/510"}],"wp:featuredmedia":[{"embeddable":true,"href":"https:\/\/22q-media.de\/index.php?rest_route=\/wp\/v2\/media\/509"}],"wp:attachment":[{"href":"https:\/\/22q-media.de\/index.php?rest_route=%2Fwp%2Fv2%2Fmedia&parent=491"}],"wp:term":[{"taxonomy":"category","embeddable":true,"href":"https:\/\/22q-media.de\/index.php?rest_route=%2Fwp%2Fv2%2Fcategories&post=491"},{"taxonomy":"post_tag","embeddable":true,"href":"https:\/\/22q-media.de\/index.php?rest_route=%2Fwp%2Fv2%2Ftags&post=491"}],"curies":[{"name":"wp","href":"https:\/\/api.w.org\/{rel}","templated":true}]}}