{"id":486,"date":"2022-06-22T22:11:00","date_gmt":"2022-06-22T20:11:00","guid":{"rendered":"https:\/\/22q-media.de\/?p=486"},"modified":"2024-03-01T16:15:41","modified_gmt":"2024-03-01T15:15:41","slug":"folge-6-leitung-von-freizeiten","status":"publish","type":"post","link":"https:\/\/22q-media.de\/?p=486","title":{"rendered":"Folge 6 &#8211; Leitung von Freizeiten"},"content":{"rendered":"<p><strong><\/strong><\/p>\n<script class=\"podigee-podcast-player\" src=\"https:\/\/player.podigee-cdn.net\/podcast-player\/javascripts\/podigee-podcast-player.js\" data-configuration=\"https:\/\/22zuhoeren.podigee.io\/7-leitung_freizeiten\/embed?context=external\"><\/script>\n<p>Ein Gespr\u00e4ch mit drei Leitungen<\/p>\n<p>Der Podcast von und \u00fcber Menschen mit 22Q.<br \/>\n\u201e22Q\u201c, \u201eDeletionssyndrom\u201c oder auch \u201eDigeorge Syndrom\u201c. Es gibt viele Namen und doch kennt sie kaum einer. Wir wollen das \u00e4ndern und euch ein bisschen \u00fcber diese gar nicht so seltene Erkrankung und die Menschen mit dieser Erkrankung erz\u00e4hlen aber auch \u00fcber unseren Verein \u201eWir sind 22Q e.V.\u201c der sich f\u00fcr Betroffene und deren Familien einsetzt.<\/p>\n<p>Der Verein im Netz:<br \/>\n<a href=\"https:\/\/www.youtube.com\/channel\/UCqls9NsyQMhveynNN4AH66w\">Youtube<\/a><br \/>\n<a href=\"https:\/\/www.instagram.com\/wir_sind_22q\/\">Instagram<\/a><\/p><\/p>\n","protected":false},"excerpt":{"rendered":"<p>Ein Gespr\u00e4ch mit drei Leitungen Der Podcast von und \u00fcber Menschen mit 22Q. \u201e22Q\u201c, \u201eDeletionssyndrom\u201c oder auch \u201eDigeorge Syndrom\u201c. Es gibt viele Namen und doch kennt sie kaum einer. Wir wollen das \u00e4ndern und euch ein bisschen \u00fcber diese gar nicht so seltene Erkrankung und die Menschen mit dieser Erkrankung erz\u00e4hlen aber auch \u00fcber unseren [&hellip;]<\/p>\n","protected":false},"author":2,"featured_media":499,"comment_status":"closed","ping_status":"open","sticky":false,"template":"","format":"standard","meta":{"_et_pb_use_builder":"","_et_pb_old_content":"","_et_gb_content_width":"1080","footnotes":"","_share_on_mastodon":"0"},"categories":[13],"tags":[23,21,20,36,35,17],"class_list":["post-486","post","type-post","status-publish","format-standard","has-post-thumbnail","hentry","category-podcast","tag-22q","tag-22zuhoeren-2","tag-22zuhoeren","tag-betreuerinnen","tag-freizeiten","tag-podcast"],"share_on_mastodon":{"url":"","error":""},"_links":{"self":[{"href":"https:\/\/22q-media.de\/index.php?rest_route=\/wp\/v2\/posts\/486","targetHints":{"allow":["GET"]}}],"collection":[{"href":"https:\/\/22q-media.de\/index.php?rest_route=\/wp\/v2\/posts"}],"about":[{"href":"https:\/\/22q-media.de\/index.php?rest_route=\/wp\/v2\/types\/post"}],"author":[{"embeddable":true,"href":"https:\/\/22q-media.de\/index.php?rest_route=\/wp\/v2\/users\/2"}],"replies":[{"embeddable":true,"href":"https:\/\/22q-media.de\/index.php?rest_route=%2Fwp%2Fv2%2Fcomments&post=486"}],"version-history":[{"count":1,"href":"https:\/\/22q-media.de\/index.php?rest_route=\/wp\/v2\/posts\/486\/revisions"}],"predecessor-version":[{"id":500,"href":"https:\/\/22q-media.de\/index.php?rest_route=\/wp\/v2\/posts\/486\/revisions\/500"}],"wp:featuredmedia":[{"embeddable":true,"href":"https:\/\/22q-media.de\/index.php?rest_route=\/wp\/v2\/media\/499"}],"wp:attachment":[{"href":"https:\/\/22q-media.de\/index.php?rest_route=%2Fwp%2Fv2%2Fmedia&parent=486"}],"wp:term":[{"taxonomy":"category","embeddable":true,"href":"https:\/\/22q-media.de\/index.php?rest_route=%2Fwp%2Fv2%2Fcategories&post=486"},{"taxonomy":"post_tag","embeddable":true,"href":"https:\/\/22q-media.de\/index.php?rest_route=%2Fwp%2Fv2%2Ftags&post=486"}],"curies":[{"name":"wp","href":"https:\/\/api.w.org\/{rel}","templated":true}]}}