{"id":468,"date":"2023-01-22T22:11:00","date_gmt":"2023-01-22T21:11:00","guid":{"rendered":"https:\/\/22q-media.de\/?p=468"},"modified":"2024-03-01T15:11:32","modified_gmt":"2024-03-01T14:11:32","slug":"folge-12-behind-the-scenes","status":"publish","type":"post","link":"https:\/\/22q-media.de\/?p=468","title":{"rendered":"Folge 12 &#8211; behind the scenes"},"content":{"rendered":"<p><strong><\/strong><\/p>\n<script class=\"podigee-podcast-player\" src=\"https:\/\/player.podigee-cdn.net\/podcast-player\/javascripts\/podigee-podcast-player.js\" data-configuration=\"https:\/\/22zuhoeren.podigee.io\/13-behind-the-scenes\/embed?context=external\"><\/script>\n<p>Hinter den Kulissen mit Tino, Wiebke, Niklas und Oliver<\/p>\n<h2 id=\"derpodcastvonundbermenschenmit22q\">Der Podcast von und \u00fcber Menschen mit 22Q.<\/h2>\n<p>\u201e22Q\u201c, \u201eDeletionssyndrom\u201c oder auch \u201eDigeorge Syndrom\u201c. Es gibt viele Namen und doch kennt sie kaum einer. Wir wollen das \u00e4ndern und euch ein bisschen \u00fcber diese gar nicht so seltene Erkrankung und die Menschen mit dieser Erkrankung erz\u00e4hlen aber auch \u00fcber unseren Verein \u201eWir sind 22Q e.V.\u201c der sich f\u00fcr Betroffene und deren Familien einsetzt.<\/p>\n<p>Der Verein im Netz:<\/p>\n<p><a href=\"https:\/\/www.youtube.com\/channel\/UCqls9NsyQMhveynNN4AH66w\"><strong>Youtube<\/strong><\/a><\/p>\n<p><a href=\"https:\/\/www.instagram.com\/wir_sind_22q\/\"><strong>Instagram<\/strong><\/a><\/p>\n<p><a href=\"https:\/\/podcasts.social\/@22zuhoeren\"><strong>Mastodon<\/strong><\/a><\/p>\n<p><strong>Und hier die Links aus der Sendung:<\/strong><\/p>\n<p><a href=\"https:\/\/22zuhoeren.podigee.io\/\"><strong>podcast webseite podigee<\/strong><\/a> &#8211; Unser Podcast auf podigee. Falls Du kein Spotify nutzen m\u00f6chtest oder kannst, sind alle unsere Folgen hier im Webplayer zu h\u00f6ren. <\/p>\n<p><a href=\"https:\/\/studio-link.de\/\"><strong>studio-link<\/strong><\/a> &#8211; Unsere Audio-Konferenz-L\u00f6sung, mit der wir uns zum podcasten zusammenschalten. (virtuelles Aufnahmestudio)<\/p>\n<p><strong>Technik, die wir so nutzen:<\/strong> <\/p>\n<p><a href=\"https:\/\/www.thomann.de\/de\/tc_helicon_go_xlr_mini.htm\"><strong>tc helion go xlr mini<\/strong><\/a><\/p>\n<p><a href=\"https:\/\/www.thomann.de\/de\/shure_sm58.htm\"><strong>Mikro shure sm58<\/strong><\/a><\/p>\n<p><a href=\"https:\/\/www.thomann.de\/de\/rode_nt1a_complete_vocal_recording.htm\"><strong>rode nt 1a<\/strong><\/a><\/p>\n<p><a href=\"https:\/\/www.thomann.de\/de\/focusrite_scarlett_solo_3rd_gen.htm\"><strong>focusride solo<\/strong><\/a><\/p>\n<p><a href=\"https:\/\/www.amazon.de\/beyerdynamic-1770-PRO-Over-Ear-Studiokopfh%C3%B6rer-Geschlossene\/dp\/B0142FEWD4\/ref=sr_1_2?__mk_de_DE=%C3%85M%C3%85%C5%BD%C3%95%C3%91&#038;crid=WZ4AW4U3R1MF&#038;keywords=beyerdynamic+dt-1770+pro&#038;qid=1674489103&#038;sprefix=beyerdynamic+dt-1770+pro%2Caps%2C100&#038;sr=8-2\"><strong>beyerdynamic dt 770pro<\/strong><\/a><\/p>\n<p><a href=\"https:\/\/www.amazon.de\/TONOR-Kondensator-Shock-Halterung-Verstellbarem-Mikrofonst%C3%A4nder\/dp\/B07NMJ84FW\/ref=sr_1_2?keywords=tonor+q9&#038;qid=1674388508&#038;sprefix=tonor%2Caps%2C99&#038;sr=8-2\"><strong>Tonor Q9<\/strong><\/a><\/p><\/p>\n","protected":false},"excerpt":{"rendered":"<p>Hinter den Kulissen mit Tino, Wiebke, Niklas und Oliver Der Podcast von und \u00fcber Menschen mit 22Q. \u201e22Q\u201c, \u201eDeletionssyndrom\u201c oder auch \u201eDigeorge Syndrom\u201c. Es gibt viele Namen und doch kennt sie kaum einer. Wir wollen das \u00e4ndern und euch ein bisschen \u00fcber diese gar nicht so seltene Erkrankung und die Menschen mit dieser Erkrankung erz\u00e4hlen [&hellip;]<\/p>\n","protected":false},"author":2,"featured_media":469,"comment_status":"closed","ping_status":"open","sticky":false,"template":"","format":"standard","meta":{"_et_pb_use_builder":"","_et_pb_old_content":"","_et_gb_content_width":"1080","footnotes":"","_share_on_mastodon":"0"},"categories":[13],"tags":[15,21,20,30,17],"class_list":["post-468","post","type-post","status-publish","format-standard","has-post-thumbnail","hentry","category-podcast","tag-22qmedia","tag-22zuhoeren-2","tag-22zuhoeren","tag-behind-the-scenes","tag-podcast"],"share_on_mastodon":{"url":"","error":""},"_links":{"self":[{"href":"https:\/\/22q-media.de\/index.php?rest_route=\/wp\/v2\/posts\/468","targetHints":{"allow":["GET"]}}],"collection":[{"href":"https:\/\/22q-media.de\/index.php?rest_route=\/wp\/v2\/posts"}],"about":[{"href":"https:\/\/22q-media.de\/index.php?rest_route=\/wp\/v2\/types\/post"}],"author":[{"embeddable":true,"href":"https:\/\/22q-media.de\/index.php?rest_route=\/wp\/v2\/users\/2"}],"replies":[{"embeddable":true,"href":"https:\/\/22q-media.de\/index.php?rest_route=%2Fwp%2Fv2%2Fcomments&post=468"}],"version-history":[{"count":1,"href":"https:\/\/22q-media.de\/index.php?rest_route=\/wp\/v2\/posts\/468\/revisions"}],"predecessor-version":[{"id":470,"href":"https:\/\/22q-media.de\/index.php?rest_route=\/wp\/v2\/posts\/468\/revisions\/470"}],"wp:featuredmedia":[{"embeddable":true,"href":"https:\/\/22q-media.de\/index.php?rest_route=\/wp\/v2\/media\/469"}],"wp:attachment":[{"href":"https:\/\/22q-media.de\/index.php?rest_route=%2Fwp%2Fv2%2Fmedia&parent=468"}],"wp:term":[{"taxonomy":"category","embeddable":true,"href":"https:\/\/22q-media.de\/index.php?rest_route=%2Fwp%2Fv2%2Fcategories&post=468"},{"taxonomy":"post_tag","embeddable":true,"href":"https:\/\/22q-media.de\/index.php?rest_route=%2Fwp%2Fv2%2Ftags&post=468"}],"curies":[{"name":"wp","href":"https:\/\/api.w.org\/{rel}","templated":true}]}}