{"id":466,"date":"2023-02-22T22:11:00","date_gmt":"2023-02-22T21:11:00","guid":{"rendered":"https:\/\/22q-media.de\/?p=466"},"modified":"2024-03-01T16:56:28","modified_gmt":"2024-03-01T15:56:28","slug":"folge-13-22q-in-der-wissenschaft","status":"publish","type":"post","link":"https:\/\/22q-media.de\/?p=466","title":{"rendered":"Folge 13 &#8211; 22Q in der Wissenschaft"},"content":{"rendered":"<p><strong><\/strong><\/p>\n<script class=\"podigee-podcast-player\" src=\"https:\/\/player.podigee-cdn.net\/podcast-player\/javascripts\/podigee-podcast-player.js\" data-configuration=\"https:\/\/22zuhoeren.podigee.io\/14-22q-in-der-wissenschaft\/embed?context=external\"><\/script>\n<p>Ein Interview mit Sandra Meier aus Halifax (CDN)<\/p>\n<h2 id=\"derpodcastvonundbermenschenmit22q\">Der Podcast von und \u00fcber Menschen mit 22Q.<\/h2>\n<p>\u201e22Q\u201c, \u201eDeletionssyndrom\u201c oder auch \u201eDigeorge Syndrom\u201c. Es gibt viele Namen und doch kennt sie kaum einer. Wir wollen das \u00e4ndern und euch ein bisschen \u00fcber diese gar nicht so seltene Erkrankung und die Menschen mit dieser Erkrankung erz\u00e4hlen aber auch \u00fcber unseren Verein \u201eWir sind 22Q e.V.\u201c der sich f\u00fcr Betroffene und deren Familien einsetzt.<\/p>\n<p>Der Verein im Netz:<\/p>\n<p><a href=\"https:\/\/www.youtube.com\/channel\/UCqls9NsyQMhveynNN4AH66w\"><strong>Youtube<\/strong><\/a><\/p>\n<p><a href=\"https:\/\/www.instagram.com\/wir_sind_22q\/\"><strong>Instagram<\/strong><\/a><\/p>\n<p><a href=\"https:\/\/podcasts.social\/@22zuhoeren\"><strong>Mastodon<\/strong><\/a><\/p>\n<p><strong>Und hier die Links aus der Sendung:<\/strong><\/p>\n<p><a href=\"https:\/\/22zuhoeren.podigee.io\/\"><strong>Unser podcast auf podigee<\/strong><\/a> &#8211; Unser Podcast auf podigee. Falls Du kein Spotify nutzen m\u00f6chtest oder kannst, sind alle unsere Folgen hier im Webplayer zu h\u00f6ren. <\/p>\n<p><a href=\"http:\/\/prosit.meierlab.info\/home-107.html\"><strong>PROSIT<\/strong><\/a> &#8211; Vorhersage von Risiken und Ergebnissen von Sozialen Interaktionen (engl.)<\/p>\n<p><a href=\"https:\/\/medicine.dal.ca\/departments\/department-sites\/psychiatry\/our-people\/faculty\/sandra-meier.html\"><strong>Sandra Meier Universit\u00e4t Halifax<\/strong><\/a><\/p><\/p>\n","protected":false},"excerpt":{"rendered":"<p>Wir haben uns mit der Wissenschaftlerin Sandra Meier aus Hilfax in Kanada unterhalten und sie \u00fcber die von ihr durchgef\u00fchrte Studie zum 22Q Syndrom befragt.<\/p>\n","protected":false},"author":2,"featured_media":475,"comment_status":"closed","ping_status":"open","sticky":false,"template":"","format":"standard","meta":{"_et_pb_use_builder":"","_et_pb_old_content":"","_et_gb_content_width":"1080","footnotes":"","_share_on_mastodon":"0"},"categories":[13],"tags":[15,21,20,17,29],"class_list":["post-466","post","type-post","status-publish","format-standard","has-post-thumbnail","hentry","category-podcast","tag-22qmedia","tag-22zuhoeren-2","tag-22zuhoeren","tag-podcast","tag-wissenschaft"],"share_on_mastodon":{"url":"","error":""},"_links":{"self":[{"href":"https:\/\/22q-media.de\/index.php?rest_route=\/wp\/v2\/posts\/466","targetHints":{"allow":["GET"]}}],"collection":[{"href":"https:\/\/22q-media.de\/index.php?rest_route=\/wp\/v2\/posts"}],"about":[{"href":"https:\/\/22q-media.de\/index.php?rest_route=\/wp\/v2\/types\/post"}],"author":[{"embeddable":true,"href":"https:\/\/22q-media.de\/index.php?rest_route=\/wp\/v2\/users\/2"}],"replies":[{"embeddable":true,"href":"https:\/\/22q-media.de\/index.php?rest_route=%2Fwp%2Fv2%2Fcomments&post=466"}],"version-history":[{"count":3,"href":"https:\/\/22q-media.de\/index.php?rest_route=\/wp\/v2\/posts\/466\/revisions"}],"predecessor-version":[{"id":520,"href":"https:\/\/22q-media.de\/index.php?rest_route=\/wp\/v2\/posts\/466\/revisions\/520"}],"wp:featuredmedia":[{"embeddable":true,"href":"https:\/\/22q-media.de\/index.php?rest_route=\/wp\/v2\/media\/475"}],"wp:attachment":[{"href":"https:\/\/22q-media.de\/index.php?rest_route=%2Fwp%2Fv2%2Fmedia&parent=466"}],"wp:term":[{"taxonomy":"category","embeddable":true,"href":"https:\/\/22q-media.de\/index.php?rest_route=%2Fwp%2Fv2%2Fcategories&post=466"},{"taxonomy":"post_tag","embeddable":true,"href":"https:\/\/22q-media.de\/index.php?rest_route=%2Fwp%2Fv2%2Ftags&post=466"}],"curies":[{"name":"wp","href":"https:\/\/api.w.org\/{rel}","templated":true}]}}