{"id":432,"date":"2023-09-22T22:11:00","date_gmt":"2023-09-22T20:11:00","guid":{"rendered":"https:\/\/22q-media.de\/?p=432"},"modified":"2024-03-01T16:28:17","modified_gmt":"2024-03-01T15:28:17","slug":"folge-19-spezialambulanz-deletions-und-duplikationssyndrom","status":"publish","type":"post","link":"https:\/\/22q-media.de\/?p=432","title":{"rendered":"Folge 19 &#8211; Spezialambulanz Deletions- und Duplikationssyndrom"},"content":{"rendered":"<p><strong><\/strong><\/p>\n<script class=\"podigee-podcast-player\" src=\"https:\/\/player.podigee-cdn.net\/podcast-player\/javascripts\/podigee-podcast-player.js\" data-configuration=\"https:\/\/22zuhoeren.podigee.io\/20-spezialambulanz-deletions-und-duplikationssyndrom\/embed?context=external\"><\/script>\n<p>Ein Gespr\u00e4ch mit Dr. med. Franziska Radtke<\/p>\n<h2 id=\"derpodcastvonundbermenschenmit22q\">Der Podcast von und \u00fcber Menschen mit 22Q.<\/h2>\n<p>\u201e22Q\u201c, \u201eDeletionssyndrom\u201c oder auch \u201eDigeorge Syndrom\u201c. Es gibt viele Namen und doch kennt sie kaum einer. Wir wollen das \u00e4ndern und euch ein bisschen \u00fcber diese gar nicht so seltene Erkrankung und die Menschen mit dieser Erkrankung erz\u00e4hlen aber auch \u00fcber unseren Verein \u201eWir sind 22Q e.V.\u201c der sich f\u00fcr Betroffene und deren Familien einsetzt.<\/p>\n<p>Der Verein im Netz:<\/p>\n<p><a href=\"https:\/\/www.youtube.com\/channel\/UCqls9NsyQMhveynNN4AH66w\"><strong>Youtube<\/strong><\/a><\/p>\n<p><a href=\"https:\/\/www.instagram.com\/wir_sind_22q\/\"><strong>Instagram<\/strong><\/a><\/p>\n<p><a href=\"https:\/\/podcasts.social\/@22zuhoeren\"><strong>Mastodon<\/strong><\/a><\/p>\n<p><a href=\"https:\/\/22zuhoeren.podigee.io\/\"><strong>podcast webseite podigee<\/strong><\/a> &#8211; Unser Podcast auf podigee. Falls Du kein Spotify nutzen m\u00f6chtest oder kannst, sind alle unsere Folgen hier im Webplayer zu h\u00f6ren. <\/p>\n<p><strong>Und hier die Links aus der Sendung:<\/strong><\/p>\n<p><a href=\"https:\/\/www.ukw.de\/kinder-und-jugendpsychiatrie\/forschung\/schwerpunkte-der-forschung\/deletions-und-duplikationssyndrom-22q112\/\"><strong>Spezialambulanz Deletions- und Duplikationssyndrom<\/strong><\/a> &#8211; Die Webseite der Ambulanz<\/p>\n<p><a href=\"https:\/\/www.planet-wissen.de\/natur\/forschung\/gentechnik\/index.html\"><strong>Genetische Forschung<\/strong><\/a> &#8211; Kurze Erkl\u00e4rung, was man unter Genetischer Forschung verstehen kann.<\/p>\n<p><a href=\"https:\/\/de.wikipedia.org\/wiki\/1q21.1-Deletionssyndrom\"><strong>1Q21<\/strong><\/a> &#8211; Wikipediaartikel \u00fcber das 1Q21-Syndrom<\/p>\n<p><a href=\"https:\/\/de.wikipedia.org\/wiki\/Intelligenzminderung\"><strong>Intelligenzminderung<\/strong><\/a> &#8211; Was versteht man unter Intelligenzminderung?<\/p>\n<p><a href=\"https:\/\/de.wikipedia.org\/wiki\/Verifizierung_und_Validierung\"><strong>Verifizierung und Validierung von Forschung<\/strong><\/a> &#8211; Warum Forschungsergebnisse \u00f6fter neu untersucht werden.<\/p>\n<p><a href=\"https:\/\/de.wikipedia.org\/wiki\/Aufmerksamkeitsdefizit-\/Hyperaktivit%C3%A4tsst%C3%B6rung\"><strong>ADHS<\/strong><\/a> &#8211; Was ist das ADHS?<\/p><\/p>\n","protected":false},"excerpt":{"rendered":"<p>Ein Gespr\u00e4ch mit Dr. med. Franziska Radtke Der Podcast von und \u00fcber Menschen mit 22Q. \u201e22Q\u201c, \u201eDeletionssyndrom\u201c oder auch \u201eDigeorge Syndrom\u201c. Es gibt viele Namen und doch kennt sie kaum einer. Wir wollen das \u00e4ndern und euch ein bisschen \u00fcber diese gar nicht so seltene Erkrankung und die Menschen mit dieser Erkrankung erz\u00e4hlen aber auch [&hellip;]<\/p>\n","protected":false},"author":2,"featured_media":433,"comment_status":"closed","ping_status":"open","sticky":false,"template":"","format":"standard","meta":{"_et_pb_use_builder":"","_et_pb_old_content":"","_et_gb_content_width":"1080","footnotes":"","_share_on_mastodon":"0"},"categories":[13],"tags":[23,21,20,17],"class_list":["post-432","post","type-post","status-publish","format-standard","has-post-thumbnail","hentry","category-podcast","tag-22q","tag-22zuhoeren-2","tag-22zuhoeren","tag-podcast"],"share_on_mastodon":{"url":"","error":""},"_links":{"self":[{"href":"https:\/\/22q-media.de\/index.php?rest_route=\/wp\/v2\/posts\/432","targetHints":{"allow":["GET"]}}],"collection":[{"href":"https:\/\/22q-media.de\/index.php?rest_route=\/wp\/v2\/posts"}],"about":[{"href":"https:\/\/22q-media.de\/index.php?rest_route=\/wp\/v2\/types\/post"}],"author":[{"embeddable":true,"href":"https:\/\/22q-media.de\/index.php?rest_route=\/wp\/v2\/users\/2"}],"replies":[{"embeddable":true,"href":"https:\/\/22q-media.de\/index.php?rest_route=%2Fwp%2Fv2%2Fcomments&post=432"}],"version-history":[{"count":2,"href":"https:\/\/22q-media.de\/index.php?rest_route=\/wp\/v2\/posts\/432\/revisions"}],"predecessor-version":[{"id":514,"href":"https:\/\/22q-media.de\/index.php?rest_route=\/wp\/v2\/posts\/432\/revisions\/514"}],"wp:featuredmedia":[{"embeddable":true,"href":"https:\/\/22q-media.de\/index.php?rest_route=\/wp\/v2\/media\/433"}],"wp:attachment":[{"href":"https:\/\/22q-media.de\/index.php?rest_route=%2Fwp%2Fv2%2Fmedia&parent=432"}],"wp:term":[{"taxonomy":"category","embeddable":true,"href":"https:\/\/22q-media.de\/index.php?rest_route=%2Fwp%2Fv2%2Fcategories&post=432"},{"taxonomy":"post_tag","embeddable":true,"href":"https:\/\/22q-media.de\/index.php?rest_route=%2Fwp%2Fv2%2Ftags&post=432"}],"curies":[{"name":"wp","href":"https:\/\/api.w.org\/{rel}","templated":true}]}}