{"id":400,"date":"2024-01-22T22:11:00","date_gmt":"2024-01-22T21:11:00","guid":{"rendered":"https:\/\/22q-media.de\/?p=400"},"modified":"2024-03-01T17:05:22","modified_gmt":"2024-03-01T16:05:22","slug":"folge-23-skoliose-und-22q","status":"publish","type":"post","link":"https:\/\/22q-media.de\/?p=400","title":{"rendered":"Folge 23 &#8211; Skoliose und 22Q"},"content":{"rendered":"<p><strong><\/strong><\/p>\n<script class=\"podigee-podcast-player\" src=\"https:\/\/player.podigee-cdn.net\/podcast-player\/javascripts\/podigee-podcast-player.js\" data-configuration=\"https:\/\/22zuhoeren.podigee.io\/24-skoliose-und-22q\/embed?context=external\"><\/script>\n<p>Interview mit Prof. Dr. St\u00fccker<\/p>\n<h2 id=\"derpodcastvonundbermenschenmit22q\">Der Podcast von und \u00fcber Menschen mit 22Q.<\/h2>\n<p>\u201e22Q\u201c, \u201eDeletionssyndrom\u201c oder auch \u201eDigeorge Syndrom\u201c. Es gibt viele Namen und doch kennt sie kaum einer. Wir wollen das \u00e4ndern und euch ein bisschen \u00fcber diese gar nicht so seltene Erkrankung und die Menschen mit dieser Erkrankung erz\u00e4hlen aber auch \u00fcber unseren Verein \u201eWir sind 22Q e.V.\u201c der sich f\u00fcr Betroffene und deren Familien einsetzt.<\/p>\n<p>Der Verein im Netz:<\/p>\n<p><a href=\"https:\/\/22q-media.de\/\"><strong>22QMedia<\/strong><\/a> &#8211; Die Webseite zu unserem Projekt. <\/p>\n<p><a href=\"https:\/\/www.youtube.com\/channel\/UCqls9NsyQMhveynNN4AH66w\"><strong>Youtube<\/strong><\/a> &#8211; Unser Youtube-Kanal<\/p>\n<p><a href=\"https:\/\/www.instagram.com\/wir_sind_22q\/\"><strong>Instagram<\/strong><\/a> &#8211; Wir sind 22Q bei Insta<\/p>\n<p><a href=\"https:\/\/podcasts.social\/@22zuhoeren\"><strong>Mastodon<\/strong><\/a> &#8211; Unser Podcast bei Mastodon<\/p>\n<p><a href=\"https:\/\/www.facebook.com\/groups\/wirsind22q\"><strong>Facebook-Gruppe<\/strong><\/a> &#8211; Wir sind 22Q: Die Facebook-Gruppe<\/p>\n<p><a href=\"https:\/\/22zuhoeren.podigee.io\/\"><strong>podcast webseite podigee<\/strong><\/a> &#8211; Unser Podcast auf podigee. Falls Du kein Spotify nutzen m\u00f6chtest oder kannst, sind alle unsere Folgen hier im Webplayer zu h\u00f6ren. <\/p>\n<h2 id=\"undhierdielinksausdersendung\">Und hier die Links aus der Sendung:<\/h2>\n<p><a href=\"https:\/\/www.wirsind22q.de\/fileadmin\/user_upload\/PDFs\/im_gespraech_mit_ralf_stuecker.pdf\"><strong>Prof.  Dr. Ralf St\u00fccker<\/strong><\/a> &#8211; unser heutiger Gespr\u00e4chsgast<\/p>\n<p><a href=\"https:\/\/de.wikipedia.org\/wiki\/Skoliose\"><strong>Skoliose<\/strong><\/a> &#8211; Was ist eigentlich eine Skoliose<\/p>\n<p><a href=\"https:\/\/de.style.yahoo.com\/warum-die-skoliose-barbie-so-wichtig-fur-die-reprasentation-ist-140901349.html\"><strong>Skoliose Barbie<\/strong><\/a> &#8211; Mattel hat eine Barbie mit Skoliose heraus gebracht<\/p>\n<p><a href=\"https:\/\/www.kinderkrankenhaus.net\/unsere-medizinischen-bereiche-im-ueberblick\/fachabteilungen\/orthopaedie-fuer-kinder-die-groesste-fachstation-deutschlands.html\"><strong>Altonaer Kinderkrankenhaus<\/strong><\/a> &#8211; kurzes Video, in dem Prof. St\u00fccker seine Abteilung der Kinderorthop\u00e4die vorstellt.<\/p>\n<p><a href=\"https:\/\/de.wikipedia.org\/wiki\/Kyphose\"><strong>Kyphose<\/strong><\/a> &#8211; Was ist eine Kyphose?<\/p>\n<hr \/>\n<h2 id=\"podcastappsdiewirempfehlen\">Podcast-Apps, die wir empfehlen:<\/h2>\n<p><strong>Android:<\/strong><\/p>\n<p><a href=\"https:\/\/play.google.com\/store\/apps\/details?id=de.danoeh.antennapod\"><strong>AntennaPod<\/strong><\/a> &#8211;  eine Open-Source-Podcast-App f\u00fcr Android<\/p>\n<p><a href=\"https:\/\/play.google.com\/store\/apps\/details?id=au.com.shiftyjelly.pocketcasts\"><strong>PocketCasts<\/strong><\/a><\/p>\n<p><a href=\"https:\/\/play.google.com\/store\/apps\/details?id=com.bambuna.podcastaddict\"><strong>Podcast Addict<\/strong><\/a><\/p>\n<p><a href=\"https:\/\/play.google.com\/store\/apps\/details?id=com.itunestoppodcastplayer.app\"><strong>Podcast Republic<\/strong><\/a><\/p>\n<p><strong>iOS<\/strong><\/p>\n<p><a href=\"https:\/\/overcast.fm\/\"><strong>Overcast<\/strong><\/a> <\/p>\n<p><a href=\"https:\/\/pocketcasts.com\/\"><strong>PoketCasts<\/strong><\/a><\/p>\n<p><a href=\"https:\/\/support.apple.com\/en-us\/HT201859\"><strong>Apple Podcast<\/strong><\/a><\/p><\/p>\n","protected":false},"excerpt":{"rendered":"<p>Im Interview mit Prof. Dr. Ralf St\u00fccker haben wir \u00fcber das Thema Skoliose gesprochen. Er ist Mitglied im wissenschaftlichen Beirat und kl\u00e4rt uns \u00fcber das Krankheitsbild auf.<\/p>\n","protected":false},"author":2,"featured_media":427,"comment_status":"closed","ping_status":"open","sticky":false,"template":"","format":"standard","meta":{"_et_pb_use_builder":"","_et_pb_old_content":"","_et_gb_content_width":"1080","footnotes":"","_share_on_mastodon":"0"},"categories":[13],"tags":[17,22],"class_list":["post-400","post","type-post","status-publish","format-standard","has-post-thumbnail","hentry","category-podcast","tag-podcast","tag-skoliose"],"share_on_mastodon":{"url":"","error":""},"_links":{"self":[{"href":"https:\/\/22q-media.de\/index.php?rest_route=\/wp\/v2\/posts\/400","targetHints":{"allow":["GET"]}}],"collection":[{"href":"https:\/\/22q-media.de\/index.php?rest_route=\/wp\/v2\/posts"}],"about":[{"href":"https:\/\/22q-media.de\/index.php?rest_route=\/wp\/v2\/types\/post"}],"author":[{"embeddable":true,"href":"https:\/\/22q-media.de\/index.php?rest_route=\/wp\/v2\/users\/2"}],"replies":[{"embeddable":true,"href":"https:\/\/22q-media.de\/index.php?rest_route=%2Fwp%2Fv2%2Fcomments&post=400"}],"version-history":[{"count":3,"href":"https:\/\/22q-media.de\/index.php?rest_route=\/wp\/v2\/posts\/400\/revisions"}],"predecessor-version":[{"id":525,"href":"https:\/\/22q-media.de\/index.php?rest_route=\/wp\/v2\/posts\/400\/revisions\/525"}],"wp:featuredmedia":[{"embeddable":true,"href":"https:\/\/22q-media.de\/index.php?rest_route=\/wp\/v2\/media\/427"}],"wp:attachment":[{"href":"https:\/\/22q-media.de\/index.php?rest_route=%2Fwp%2Fv2%2Fmedia&parent=400"}],"wp:term":[{"taxonomy":"category","embeddable":true,"href":"https:\/\/22q-media.de\/index.php?rest_route=%2Fwp%2Fv2%2Fcategories&post=400"},{"taxonomy":"post_tag","embeddable":true,"href":"https:\/\/22q-media.de\/index.php?rest_route=%2Fwp%2Fv2%2Ftags&post=400"}],"curies":[{"name":"wp","href":"https:\/\/api.w.org\/{rel}","templated":true}]}}