{"id":270,"date":"2024-01-13T11:04:38","date_gmt":"2024-01-13T10:04:38","guid":{"rendered":"https:\/\/22q-media.de\/?p=270"},"modified":"2024-02-29T15:30:33","modified_gmt":"2024-02-29T14:30:33","slug":"270","status":"publish","type":"post","link":"https:\/\/22q-media.de\/?p=270","title":{"rendered":"Vortrag &#8211; 22QMedia"},"content":{"rendered":"<p>[et_pb_section fb_built=&#8220;1&#8243; _builder_version=&#8220;4.23.4&#8243; _module_preset=&#8220;default&#8220; global_colors_info=&#8220;{}&#8220; custom_padding=&#8220;4px|||||&#8220;][et_pb_row _builder_version=&#8220;4.23.4&#8243; _module_preset=&#8220;default&#8220; global_colors_info=&#8220;{}&#8220; min_height=&#8220;186.2px&#8220;][et_pb_column type=&#8220;4_4&#8243; _builder_version=&#8220;4.23.4&#8243; _module_preset=&#8220;default&#8220; global_colors_info=&#8220;{}&#8220;][et_pb_text _builder_version=&#8220;4.23.4&#8243; _module_preset=&#8220;default&#8220; global_colors_info=&#8220;{}&#8220;]<\/p>\n<p>Auf den Thementagen in Hohenroda haben wir einen Vortrag zu unserem Projekt gehalten, den wir komischerweise noch nicht auf Youtube ver\u00f6ffentlicht hatten. Das haben wir nun nachgeholt und m\u00f6chten das hier nat\u00fcrlich auch noch mal teilen.<\/p>\n<p>Wir erz\u00e4hlen darin, wie unser Projekt zu Stande gekommen ist und wie wir f\u00fcr die ganzen Ergebnisse, die wir so produzieren, zusammen arbeiten.\u00a0<\/p>\n<p>Viel Spa\u00df beim Anschauen.<\/p>\n<p>[\/et_pb_text][\/et_pb_column][\/et_pb_row][et_pb_row _builder_version=&#8220;4.23.4&#8243; _module_preset=&#8220;default&#8220; global_colors_info=&#8220;{}&#8220;][et_pb_column type=&#8220;4_4&#8243; _builder_version=&#8220;4.23.4&#8243; _module_preset=&#8220;default&#8220; global_colors_info=&#8220;{}&#8220;][et_pb_video src=&#8220;https:\/\/youtu.be\/UgqCdhoL2ZA&#8220; _builder_version=&#8220;4.23.4&#8243; _module_preset=&#8220;default&#8220; global_colors_info=&#8220;{}&#8220;][\/et_pb_video][\/et_pb_column][\/et_pb_row][\/et_pb_section]<\/p>\n","protected":false},"excerpt":{"rendered":"<p>Auf den Thementagen in Hohenroda haben wir einen Vortrag zu unserem Projekt gehalten, den wir komischerweise noch nicht auf Youtube ver\u00f6ffentlicht hatten. Das haben wir nun nachgeholt und m\u00f6chten das hier nat\u00fcrlich auch noch mal teilen. Wir erz\u00e4hlen darin, wie unser Projekt zu Stande gekommen ist und wie wir f\u00fcr die ganzen Ergebnisse, die wir [&hellip;]<\/p>\n","protected":false},"author":2,"featured_media":276,"comment_status":"closed","ping_status":"open","sticky":false,"template":"","format":"standard","meta":{"_et_pb_use_builder":"on","_et_pb_old_content":"","_et_gb_content_width":"1080","footnotes":"","_share_on_mastodon":"0"},"categories":[10],"tags":[],"class_list":["post-270","post","type-post","status-publish","format-standard","has-post-thumbnail","hentry","category-news"],"share_on_mastodon":{"url":"","error":""},"_links":{"self":[{"href":"https:\/\/22q-media.de\/index.php?rest_route=\/wp\/v2\/posts\/270","targetHints":{"allow":["GET"]}}],"collection":[{"href":"https:\/\/22q-media.de\/index.php?rest_route=\/wp\/v2\/posts"}],"about":[{"href":"https:\/\/22q-media.de\/index.php?rest_route=\/wp\/v2\/types\/post"}],"author":[{"embeddable":true,"href":"https:\/\/22q-media.de\/index.php?rest_route=\/wp\/v2\/users\/2"}],"replies":[{"embeddable":true,"href":"https:\/\/22q-media.de\/index.php?rest_route=%2Fwp%2Fv2%2Fcomments&post=270"}],"version-history":[{"count":6,"href":"https:\/\/22q-media.de\/index.php?rest_route=\/wp\/v2\/posts\/270\/revisions"}],"predecessor-version":[{"id":444,"href":"https:\/\/22q-media.de\/index.php?rest_route=\/wp\/v2\/posts\/270\/revisions\/444"}],"wp:featuredmedia":[{"embeddable":true,"href":"https:\/\/22q-media.de\/index.php?rest_route=\/wp\/v2\/media\/276"}],"wp:attachment":[{"href":"https:\/\/22q-media.de\/index.php?rest_route=%2Fwp%2Fv2%2Fmedia&parent=270"}],"wp:term":[{"taxonomy":"category","embeddable":true,"href":"https:\/\/22q-media.de\/index.php?rest_route=%2Fwp%2Fv2%2Fcategories&post=270"},{"taxonomy":"post_tag","embeddable":true,"href":"https:\/\/22q-media.de\/index.php?rest_route=%2Fwp%2Fv2%2Ftags&post=270"}],"curies":[{"name":"wp","href":"https:\/\/api.w.org\/{rel}","templated":true}]}}