{"id":157,"date":"2023-11-20T15:55:32","date_gmt":"2023-11-20T14:55:32","guid":{"rendered":"https:\/\/22q-media.de\/?p=157"},"modified":"2024-02-25T09:59:12","modified_gmt":"2024-02-25T08:59:12","slug":"wir-sind-preistraeger","status":"publish","type":"post","link":"https:\/\/22q-media.de\/?p=157","title":{"rendered":"Wir sind Preistr\u00e4ger"},"content":{"rendered":"\n[et_pb_section fb_built=&#8220;1&#8243; theme_builder_area=&#8220;post_content&#8220; _builder_version=&#8220;4.23.1&#8243; _module_preset=&#8220;default&#8220;][et_pb_row _builder_version=&#8220;4.23.1&#8243; _module_preset=&#8220;default&#8220; theme_builder_area=&#8220;post_content&#8220; column_structure=&#8220;1_2,1_2&#8243;][et_pb_column _builder_version=&#8220;4.23.1&#8243; _module_preset=&#8220;default&#8220; type=&#8220;1_2&#8243; theme_builder_area=&#8220;post_content&#8220;][et_pb_image src=&#8220;https:\/\/22q-media.de\/wp-content\/uploads\/2023\/11\/signal-2023-11-18-13-29-27-823-2.jpg&#8220; _builder_version=&#8220;4.23.1&#8243; _module_preset=&#8220;default&#8220; theme_builder_area=&#8220;post_content&#8220; title_text=&#8220;signal-2023-11-18-13-29-27-823-2&#8243; hover_enabled=&#8220;0&#8243; sticky_enabled=&#8220;0&#8243;][\/et_pb_image][\/et_pb_column][et_pb_column _builder_version=&#8220;4.23.1&#8243; _module_preset=&#8220;default&#8220; type=&#8220;1_2&#8243; theme_builder_area=&#8220;post_content&#8220;][et_pb_text _builder_version=&#8220;4.23.1&#8243; _module_preset=&#8220;default&#8220; theme_builder_area=&#8220;post_content&#8220; hover_enabled=&#8220;0&#8243; sticky_enabled=&#8220;0&#8243;]<p style=\"text-align: justify;\">Am Freitag, den 17.11.2023 wurde im ostwestf\u00e4lischen Bielefeld der Dieter Baacke Preis f\u00fcr herausragende medien-p\u00e4dagogische Arbeit verliehen. Die Gesellschaft f\u00fcr Medienp\u00e4dagogik und Kommunikationskultur (GMK) und das Bundesministerium f\u00fcr Familie, Senioren, Frauen und Jugend verleihen seit 2001 gemeinsam die bundesweite Auszeichnung f\u00fcr herausragende medienp\u00e4dagogische Arbeit. Der Dieter Baacke Preis pr\u00e4sentiert Beispiele und Methoden, wie aktuell, vielseitig, digital oder auch gut vernetzt Medienbildung heute sein kann. Herausragende Medienprojekte mit Kindern und Jugendlichen stehen im Mittelpunkt des Preises.<\/p>[\/et_pb_text][\/et_pb_column][\/et_pb_row][et_pb_row _builder_version=&#8220;4.23.1&#8243; _module_preset=&#8220;default&#8220; theme_builder_area=&#8220;post_content&#8220;][et_pb_column _builder_version=&#8220;4.23.1&#8243; _module_preset=&#8220;default&#8220; type=&#8220;4_4&#8243; theme_builder_area=&#8220;post_content&#8220;][et_pb_text _builder_version=&#8220;4.23.1&#8243; _module_preset=&#8220;default&#8220; theme_builder_area=&#8220;post_content&#8220; hover_enabled=&#8220;0&#8243; sticky_enabled=&#8220;0&#8243;]<p style=\"text-align: justify;\">Insgesamt waren von unseren Projekt 4 Teilnehmer:innen anwesend und durften den Preis gemeinsam mit Christian und Andi von filmreflex von Kika-Moderator Tim Gailus (Team Timster) entgegennehmen. Auf der Veranstaltung sa\u00dfen ca. 200 Leute im Saal und nur eine Person hob die Hand, als wir fragten, wer das 22Q Syndrom denn kennen w\u00fcrde. Das hat sich an diesem Abend ge\u00e4ndert.\u00a0<\/p>[\/et_pb_text][\/et_pb_column][\/et_pb_row][et_pb_row _builder_version=&#8220;4.23.1&#8243; _module_preset=&#8220;default&#8220; column_structure=&#8220;1_2,1_2&#8243; theme_builder_area=&#8220;post_content&#8220;][et_pb_column _builder_version=&#8220;4.23.1&#8243; _module_preset=&#8220;default&#8220; type=&#8220;1_2&#8243; theme_builder_area=&#8220;post_content&#8220;][et_pb_text _builder_version=&#8220;4.23.1&#8243; _module_preset=&#8220;default&#8220; theme_builder_area=&#8220;post_content&#8220; hover_enabled=&#8220;0&#8243; sticky_enabled=&#8220;0&#8243;]<p>Mit dabei waren neben dem Ehrenvorsitzenden Stephan Schmid auch Eltern und Mitarbeiter des Vereins. Begr\u00fc\u00dft wurden wir in der Ravensberger Spinnerei mit einem Willkommens-Drink und Fingerfood. Anschlie\u00dfend haben wir uns etwas unters medienp\u00e4dagogische Volk gemischt und auch schon erste Gespr\u00e4che gef\u00fchrt, sowie Visitenkarten verteilt.\u00a0<\/p>\n<p>Um 20:15 Uhr startete dann die Preisverleihung. Insgesamt wurden 9 Projekte ausgezeichnet. Wir waren in der Kategorie D -Inklusive und intersektionale Projekte nomminiert und gegen 21:20 Uhr waren wir dann an der Reihe.\u00a0<\/p>\n<p>Ein toller Erfolg f\u00fcr unser Projekt, welches in einem w\u00fcrdigen Rahmen seine verdiente Wertsch\u00e4tzung erhielt.<\/p>\n<p>Au\u00dferdem haben wir erneut eine gr\u00f6\u00dfere Menge an Menschen auf unser Anliegen aufmerksam gemacht &#8211; das Syndrom bekannter zu machen und auf die Situation von Betroffenen und deren Angeh\u00f6rige hinzuweisen.<\/p>[\/et_pb_text][\/et_pb_column][et_pb_column _builder_version=&#8220;4.23.1&#8243; _module_preset=&#8220;default&#8220; type=&#8220;1_2&#8243; theme_builder_area=&#8220;post_content&#8220;][et_pb_image src=&#8220;https:\/\/22q-media.de\/wp-content\/uploads\/2023\/11\/Urkunde.png&#8220; _builder_version=&#8220;4.23.1&#8243; _module_preset=&#8220;default&#8220; theme_builder_area=&#8220;post_content&#8220; title_text=&#8220;Urkunde&#8220; alt=&#8220;Urkunde&#8220; hover_enabled=&#8220;0&#8243; sticky_enabled=&#8220;0&#8243; animation_style=&#8220;fade&#8220;][\/et_pb_image][\/et_pb_column][\/et_pb_row][\/et_pb_section][et_pb_section fb_built=&#8220;1&#8243; theme_builder_area=&#8220;post_content&#8220; _builder_version=&#8220;4.23.1&#8243; _module_preset=&#8220;default&#8220;][et_pb_row _builder_version=&#8220;4.23.1&#8243; _module_preset=&#8220;default&#8220; theme_builder_area=&#8220;post_content&#8220;][et_pb_column _builder_version=&#8220;4.23.1&#8243; _module_preset=&#8220;default&#8220; type=&#8220;4_4&#8243; theme_builder_area=&#8220;post_content&#8220;][et_pb_gallery _builder_version=&#8220;4.23.1&#8243; _module_preset=&#8220;default&#8220; theme_builder_area=&#8220;post_content&#8220; gallery_ids=&#8220;166,167,168&#8243; fullwidth=&#8220;on&#8220; hover_enabled=&#8220;0&#8243; sticky_enabled=&#8220;0&#8243;][\/et_pb_gallery][\/et_pb_column][\/et_pb_row][\/et_pb_section]\n","protected":false},"excerpt":{"rendered":"<p>Am Freitag, den 17.11.2023 wurde im ostwestf\u00e4lischen Bielefeld der Dieter Baacke Preis f\u00fcr herausragende medien-p\u00e4dagogische Arbeit verliehen. Die Gesellschaft f\u00fcr Medienp\u00e4dagogik und Kommunikationskultur (GMK) und das Bundesministerium f\u00fcr Familie, Senioren, Frauen und Jugend verleihen seit 2001 gemeinsam die bundesweite Auszeichnung f\u00fcr herausragende medienp\u00e4dagogische Arbeit. Der Dieter Baacke Preis pr\u00e4sentiert Beispiele und Methoden, wie aktuell, vielseitig, [&hellip;]<\/p>\n","protected":false},"author":2,"featured_media":0,"comment_status":"closed","ping_status":"open","sticky":false,"template":"","format":"standard","meta":{"_et_pb_use_builder":"on","_et_pb_old_content":"","_et_gb_content_width":"1080","footnotes":"","_share_on_mastodon":"0"},"categories":[10],"tags":[],"class_list":["post-157","post","type-post","status-publish","format-standard","hentry","category-news"],"share_on_mastodon":{"url":"","error":""},"_links":{"self":[{"href":"https:\/\/22q-media.de\/index.php?rest_route=\/wp\/v2\/posts\/157","targetHints":{"allow":["GET"]}}],"collection":[{"href":"https:\/\/22q-media.de\/index.php?rest_route=\/wp\/v2\/posts"}],"about":[{"href":"https:\/\/22q-media.de\/index.php?rest_route=\/wp\/v2\/types\/post"}],"author":[{"embeddable":true,"href":"https:\/\/22q-media.de\/index.php?rest_route=\/wp\/v2\/users\/2"}],"replies":[{"embeddable":true,"href":"https:\/\/22q-media.de\/index.php?rest_route=%2Fwp%2Fv2%2Fcomments&post=157"}],"version-history":[{"count":4,"href":"https:\/\/22q-media.de\/index.php?rest_route=\/wp\/v2\/posts\/157\/revisions"}],"predecessor-version":[{"id":358,"href":"https:\/\/22q-media.de\/index.php?rest_route=\/wp\/v2\/posts\/157\/revisions\/358"}],"wp:attachment":[{"href":"https:\/\/22q-media.de\/index.php?rest_route=%2Fwp%2Fv2%2Fmedia&parent=157"}],"wp:term":[{"taxonomy":"category","embeddable":true,"href":"https:\/\/22q-media.de\/index.php?rest_route=%2Fwp%2Fv2%2Fcategories&post=157"},{"taxonomy":"post_tag","embeddable":true,"href":"https:\/\/22q-media.de\/index.php?rest_route=%2Fwp%2Fv2%2Ftags&post=157"}],"curies":[{"name":"wp","href":"https:\/\/api.w.org\/{rel}","templated":true}]}}