{"id":142,"date":"2023-11-14T15:01:35","date_gmt":"2023-11-14T14:01:35","guid":{"rendered":"https:\/\/22q-media.de\/?p=142"},"modified":"2024-02-25T09:59:51","modified_gmt":"2024-02-25T08:59:51","slug":"instagram-weihnachtskalender","status":"publish","type":"post","link":"https:\/\/22q-media.de\/?p=142","title":{"rendered":"Instagram Weihnachtskalender"},"content":{"rendered":"\n[et_pb_section fb_built=&#8220;1&#8243; theme_builder_area=&#8220;post_content&#8220; _builder_version=&#8220;4.23.1&#8243; _module_preset=&#8220;default&#8220;][et_pb_row _builder_version=&#8220;4.23.1&#8243; _module_preset=&#8220;default&#8220; column_structure=&#8220;1_2,1_2&#8243; theme_builder_area=&#8220;post_content&#8220;][et_pb_column _builder_version=&#8220;4.23.1&#8243; _module_preset=&#8220;default&#8220; type=&#8220;1_2&#8243; theme_builder_area=&#8220;post_content&#8220;][et_pb_image src=&#8220;https:\/\/22q-media.de\/wp-content\/uploads\/2023\/11\/insta.png&#8220; _builder_version=&#8220;4.23.1&#8243; _module_preset=&#8220;default&#8220; theme_builder_area=&#8220;post_content&#8220; title_text=&#8220;insta&#8220; hover_enabled=&#8220;0&#8243; sticky_enabled=&#8220;0&#8243;][\/et_pb_image][\/et_pb_column][et_pb_column _builder_version=&#8220;4.23.1&#8243; _module_preset=&#8220;default&#8220; type=&#8220;1_2&#8243; theme_builder_area=&#8220;post_content&#8220;][et_pb_text _builder_version=&#8220;4.23.1&#8243; _module_preset=&#8220;default&#8220; theme_builder_area=&#8220;post_content&#8220; hover_enabled=&#8220;0&#8243; sticky_enabled=&#8220;0&#8243;]<p>Nach dem #22Qtober kommt der Adventskalender. Auf den Thementagen haben wir in unserem Vortrag \u00fcber das Projekt 22QMedia dazu aufgerufen, sich an unserer Idee zu beteiligen, einen Adventskalender mit 24 T\u00fcrchen zu erstellen. In der Adventszeit soll es jeden tag einen Post geben mit Bastelanleitungen, vorweinachtlichen Spr\u00fcchen, Rezeptideen und vielem mehr. Wer sich daran beteiligen m\u00f6chte, schreibt uns einfach auf <a href=\"https:\/\/www.instagram.com\/wir_sind_22q\/\" target=\"_blank\" rel=\"noopener\" title=\"bring mich hin\">Instagram<\/a> an oder meldet sich hier \u00fcber das Kontaktformular&#8230;<\/p>[\/et_pb_text][\/et_pb_column][\/et_pb_row][\/et_pb_section]\n","protected":false},"excerpt":{"rendered":"<p>Nach dem #22Qtober kommt der Adventskalender. Auf den Thementagen haben wir in unserem Vortrag \u00fcber das Projekt 22QMedia dazu aufgerufen, sich an unserer Idee zu beteiligen, einen Adventskalender mit 24 T\u00fcrchen zu erstellen. In der Adventszeit soll es jeden tag einen Post geben mit Bastelanleitungen, vorweinachtlichen Spr\u00fcchen, Rezeptideen und vielem mehr. Wer sich daran beteiligen [&hellip;]<\/p>\n","protected":false},"author":2,"featured_media":0,"comment_status":"closed","ping_status":"open","sticky":false,"template":"","format":"standard","meta":{"_et_pb_use_builder":"on","_et_pb_old_content":"","_et_gb_content_width":"1080","footnotes":"","_share_on_mastodon":"0"},"categories":[10],"tags":[],"class_list":["post-142","post","type-post","status-publish","format-standard","hentry","category-news"],"share_on_mastodon":{"url":"","error":""},"_links":{"self":[{"href":"https:\/\/22q-media.de\/index.php?rest_route=\/wp\/v2\/posts\/142","targetHints":{"allow":["GET"]}}],"collection":[{"href":"https:\/\/22q-media.de\/index.php?rest_route=\/wp\/v2\/posts"}],"about":[{"href":"https:\/\/22q-media.de\/index.php?rest_route=\/wp\/v2\/types\/post"}],"author":[{"embeddable":true,"href":"https:\/\/22q-media.de\/index.php?rest_route=\/wp\/v2\/users\/2"}],"replies":[{"embeddable":true,"href":"https:\/\/22q-media.de\/index.php?rest_route=%2Fwp%2Fv2%2Fcomments&post=142"}],"version-history":[{"count":3,"href":"https:\/\/22q-media.de\/index.php?rest_route=\/wp\/v2\/posts\/142\/revisions"}],"predecessor-version":[{"id":361,"href":"https:\/\/22q-media.de\/index.php?rest_route=\/wp\/v2\/posts\/142\/revisions\/361"}],"wp:attachment":[{"href":"https:\/\/22q-media.de\/index.php?rest_route=%2Fwp%2Fv2%2Fmedia&parent=142"}],"wp:term":[{"taxonomy":"category","embeddable":true,"href":"https:\/\/22q-media.de\/index.php?rest_route=%2Fwp%2Fv2%2Fcategories&post=142"},{"taxonomy":"post_tag","embeddable":true,"href":"https:\/\/22q-media.de\/index.php?rest_route=%2Fwp%2Fv2%2Ftags&post=142"}],"curies":[{"name":"wp","href":"https:\/\/api.w.org\/{rel}","templated":true}]}}