{"id":137,"date":"2023-11-15T14:54:02","date_gmt":"2023-11-15T13:54:02","guid":{"rendered":"https:\/\/22q-media.de\/?p=137"},"modified":"2024-02-25T09:59:38","modified_gmt":"2024-02-25T08:59:38","slug":"137","status":"publish","type":"post","link":"https:\/\/22q-media.de\/?p=137","title":{"rendered":"Thementage Stuttgart"},"content":{"rendered":"\n[et_pb_section fb_built=&#8220;1&#8243; _builder_version=&#8220;4.23.1&#8243; _module_preset=&#8220;default&#8220; global_colors_info=&#8220;{}&#8220;][et_pb_row column_structure=&#8220;1_2,1_2&#8243; _builder_version=&#8220;4.23.1&#8243; _module_preset=&#8220;default&#8220; global_colors_info=&#8220;{}&#8220;][et_pb_column type=&#8220;1_2&#8243; _builder_version=&#8220;4.23.1&#8243; _module_preset=&#8220;default&#8220; global_colors_info=&#8220;{}&#8220;][et_pb_text _builder_version=&#8220;4.23.1&#8243; _module_preset=&#8220;default&#8220; hover_enabled=&#8220;0&#8243; global_colors_info=&#8220;{}&#8220; sticky_enabled=&#8220;0&#8243;]<p>Die Thementage in Stuttgart sind f\u00fcr 22QMedia eine aufregende Sache. Es werden Vortr\u00e4ge aufgezeichnet, um sie sp\u00e4ter auf unserem <a href=\"https:\/\/www.youtube.com\/channel\/UCqls9NsyQMhveynNN4AH66w\" target=\"_blank\" rel=\"noopener\" title=\"bring mich hin\">Youtube-Kanal<\/a> zu ver\u00f6ffentlichen. Gleichzeitig werden immer wieder auch Vortr\u00e4ge davon in eine Zoom-Konferenz \u00fcbertragen. Menschen, die nicht vor Ort sein k\u00f6nnen, haben so auch die M\u00f6glichkeit an den dort vorgetragenen Informationen zu partizipieren.<\/p>\n<p>Wir haben eine mobilde Regie aufgebaut, vier Kameras, Ton-Equipment und einen eigenen mobilen Internetzugang mit dabei, damit wir nicht vom restlichen tagungsnetzwerk abh\u00e4ngig sind.<\/p>[\/et_pb_text][\/et_pb_column][et_pb_column type=&#8220;1_2&#8243; _builder_version=&#8220;4.23.1&#8243; _module_preset=&#8220;default&#8220; global_colors_info=&#8220;{}&#8220;][et_pb_image src=&#8220;https:\/\/22q-media.de\/wp-content\/uploads\/2023\/11\/Aufzeichnung1.png&#8220; title_text=&#8220;Aufzeichnung1&#8243; _builder_version=&#8220;4.23.1&#8243; _module_preset=&#8220;default&#8220; global_colors_info=&#8220;{}&#8220;][\/et_pb_image][\/et_pb_column][\/et_pb_row][\/et_pb_section]\n","protected":false},"excerpt":{"rendered":"<p>Die Thementage in Stuttgart sind f\u00fcr 22QMedia eine aufregende Sache. Es werden Vortr\u00e4ge aufgezeichnet, um sie sp\u00e4ter auf unserem Youtube-Kanal zu ver\u00f6ffentlichen. Gleichzeitig werden immer wieder auch Vortr\u00e4ge davon in eine Zoom-Konferenz \u00fcbertragen. Menschen, die nicht vor Ort sein k\u00f6nnen, haben so auch die M\u00f6glichkeit an den dort vorgetragenen Informationen zu partizipieren. Wir haben eine [&hellip;]<\/p>\n","protected":false},"author":2,"featured_media":0,"comment_status":"closed","ping_status":"open","sticky":false,"template":"","format":"standard","meta":{"_et_pb_use_builder":"on","_et_pb_old_content":"","_et_gb_content_width":"1080","footnotes":"","_share_on_mastodon":"0"},"categories":[10],"tags":[],"class_list":["post-137","post","type-post","status-publish","format-standard","hentry","category-news"],"share_on_mastodon":{"url":"","error":""},"_links":{"self":[{"href":"https:\/\/22q-media.de\/index.php?rest_route=\/wp\/v2\/posts\/137","targetHints":{"allow":["GET"]}}],"collection":[{"href":"https:\/\/22q-media.de\/index.php?rest_route=\/wp\/v2\/posts"}],"about":[{"href":"https:\/\/22q-media.de\/index.php?rest_route=\/wp\/v2\/types\/post"}],"author":[{"embeddable":true,"href":"https:\/\/22q-media.de\/index.php?rest_route=\/wp\/v2\/users\/2"}],"replies":[{"embeddable":true,"href":"https:\/\/22q-media.de\/index.php?rest_route=%2Fwp%2Fv2%2Fcomments&post=137"}],"version-history":[{"count":5,"href":"https:\/\/22q-media.de\/index.php?rest_route=\/wp\/v2\/posts\/137\/revisions"}],"predecessor-version":[{"id":360,"href":"https:\/\/22q-media.de\/index.php?rest_route=\/wp\/v2\/posts\/137\/revisions\/360"}],"wp:attachment":[{"href":"https:\/\/22q-media.de\/index.php?rest_route=%2Fwp%2Fv2%2Fmedia&parent=137"}],"wp:term":[{"taxonomy":"category","embeddable":true,"href":"https:\/\/22q-media.de\/index.php?rest_route=%2Fwp%2Fv2%2Fcategories&post=137"},{"taxonomy":"post_tag","embeddable":true,"href":"https:\/\/22q-media.de\/index.php?rest_route=%2Fwp%2Fv2%2Ftags&post=137"}],"curies":[{"name":"wp","href":"https:\/\/api.w.org\/{rel}","templated":true}]}}